{"id":243826,"date":"2022-03-14T17:37:24","date_gmt":"2022-03-14T16:37:24","guid":{"rendered":"https:\/\/zjarr.tv\/?p=243826"},"modified":"2022-03-14T17:37:24","modified_gmt":"2022-03-14T16:37:24","slug":"kunder-varferise-dhe-shpopullimit-nis-protesta-kunder-cmimeve-edhe-ne-shkoder-dhjetra-qytetare-me-pankarta-neper-duar","status":"publish","type":"post","link":"https:\/\/zjarr.tv\/sq\/kunder-varferise-dhe-shpopullimit-nis-protesta-kunder-cmimeve-edhe-ne-shkoder-dhjetra-qytetare-me-pankarta-neper-duar\/","title":{"rendered":"\u201cKund\u00ebr varf\u00ebris\u00eb dhe shpopullimit\u201d\/ Nis protesta kund\u00ebr \u00e7mimeve edhe n\u00eb Shkod\u00ebr, dhjetra qytetar\u00eb me pankarta n\u00ebp\u00ebr duar"},"content":{"rendered":"<p>Ka nisur protesta e qytetar\u00ebve n\u00eb Shkod\u00ebr kund\u00ebr rritjes s\u00eb \u00e7mimeve n\u00eb vend.<\/p>\n<p>Dhjetra qytetar\u00eb jan\u00eb mbledhur n\u00eb pedonalen e Shkodr\u00ebs, n\u00eb fakt nj\u00eb num\u00ebr pak m\u00eb i ul\u00ebt n\u00eb krahasim me dit\u00ebt e m\u00ebparshme.<\/p>\n<p>Me pankarta n\u00ebp\u00ebr duar, ata k\u00ebrkojn\u00eb reagim nga ana e qeveris\u00eb p\u00ebr t\u00eb nd\u00ebrhyr\u00eb n\u00eb normalizimin e situat\u00ebs.<\/p>\n<p>\u201cMotra e v\u00ebllez\u00ebr, bashkohuni me ne n\u00eb k\u00ebt\u00eb protest\u00eb t\u00eb mrekullueshme, kund\u00ebr rritjes s\u00eb \u00e7mimeve, kund\u00ebr shpopullimit, kund\u00ebr varf\u00ebris\u00eb, bashkohuni me ne\u201d \u2013 thot\u00eb nj\u00eb prej qytetar\u00ebve.<\/p>\n","protected":false},"excerpt":{"rendered":"<p>Ka nisur protesta e qytetar\u00ebve n\u00eb Shkod\u00ebr kund\u00ebr rritjes s\u00eb \u00e7mimeve n\u00eb vend. Dhjetra qytetar\u00eb jan\u00eb mbledhur n\u00eb pedonalen e Shkodr\u00ebs, n\u00eb fakt nj\u00eb num\u00ebr pak m\u00eb i ul\u00ebt n\u00eb krahasim me dit\u00ebt e m\u00ebparshme. Me pankarta n\u00ebp\u00ebr duar, ata k\u00ebrkojn\u00eb reagim nga ana e qeveris\u00eb p\u00ebr t\u00eb nd\u00ebrhyr\u00eb n\u00eb normalizimin e situat\u00ebs. \u201cMotra e [&hellip;]<\/p>\n","protected":false},"author":2030,"featured_media":243827,"comment_status":"closed","ping_status":"closed","sticky":false,"template":"","format":"standard","meta":{"footnotes":""},"categories":[241,3366,5380,231],"tags":[],"class_list":{"0":"post-243826","1":"post","2":"type-post","3":"status-publish","4":"format-standard","5":"has-post-thumbnail","7":"category-aktualitet","8":"category-koment","9":"category-kryesore","10":"category-lajme"},"_links":{"self":[{"href":"https:\/\/zjarr.tv\/sq\/wp-json\/wp\/v2\/posts\/243826","targetHints":{"allow":["GET"]}}],"collection":[{"href":"https:\/\/zjarr.tv\/sq\/wp-json\/wp\/v2\/posts"}],"about":[{"href":"https:\/\/zjarr.tv\/sq\/wp-json\/wp\/v2\/types\/post"}],"author":[{"embeddable":true,"href":"https:\/\/zjarr.tv\/sq\/wp-json\/wp\/v2\/users\/2030"}],"replies":[{"embeddable":true,"href":"https:\/\/zjarr.tv\/sq\/wp-json\/wp\/v2\/comments?post=243826"}],"version-history":[{"count":0,"href":"https:\/\/zjarr.tv\/sq\/wp-json\/wp\/v2\/posts\/243826\/revisions"}],"wp:featuredmedia":[{"embeddable":true,"href":"https:\/\/zjarr.tv\/sq\/wp-json\/wp\/v2\/media\/243827"}],"wp:attachment":[{"href":"https:\/\/zjarr.tv\/sq\/wp-json\/wp\/v2\/media?parent=243826"}],"wp:term":[{"taxonomy":"category","embeddable":true,"href":"https:\/\/zjarr.tv\/sq\/wp-json\/wp\/v2\/categories?post=243826"},{"taxonomy":"post_tag","embeddable":true,"href":"https:\/\/zjarr.tv\/sq\/wp-json\/wp\/v2\/tags?post=243826"}],"curies":[{"name":"wp","href":"https:\/\/api.w.org\/{rel}","templated":true}]}}