{"id":243830,"date":"2022-03-14T17:39:42","date_gmt":"2022-03-14T16:39:42","guid":{"rendered":"https:\/\/zjarr.tv\/?p=243830"},"modified":"2022-03-14T17:39:42","modified_gmt":"2022-03-14T16:39:42","slug":"ne-nuk-shkulemi-pa-fituar-dinjitetin-aktivisti-kunder-paketes-se-rezistences-sociale-qesharake-rama-u-dha-pensionisteve-30-mije-leke-nje-buke-ne-dite","status":"publish","type":"post","link":"https:\/\/zjarr.tv\/sq\/ne-nuk-shkulemi-pa-fituar-dinjitetin-aktivisti-kunder-paketes-se-rezistences-sociale-qesharake-rama-u-dha-pensionisteve-30-mije-leke-nje-buke-ne-dite\/","title":{"rendered":"\u201cNe nuk shkulemi pa fituar dinjitetin!\u201d- Aktivisti kund\u00ebr paket\u00ebs s\u00eb rezistenc\u00ebs sociale: Qesharake! Rama u dha pensionist\u00ebve 30 mij\u00eb lek\u00eb, nj\u00eb buk\u00eb n\u00eb dit\u00eb"},"content":{"rendered":"<p>Ka nisur dita e 6-t\u00eb e protest\u00ebs kund\u00ebr rritjes s\u00eb \u00e7mimeve n\u00eb vend. Qytetar\u00eb t\u00eb shumt\u00eb jan\u00eb mbledhur s\u00ebrish n\u00eb bulevardin D\u00ebshmor\u00ebt e Kombit\u00eb p\u00ebrball\u00eb ambienteve t\u00eb Kryeministris\u00eb.<\/p>\n<p>N\u00eb fjal\u00ebn p\u00ebrball\u00eb protestuesve, aktivisti Migen Qiraxhi deklaroi se protesta do t\u00eb vijoj\u00eb deri n\u00eb uljen reale t\u00eb \u00e7mimeve.<\/p>\n<p>Ai e cil\u00ebsoi paket\u00ebn e rezistenc\u00ebs sociale, t\u00eb prezantuar nga qeveria dy dit\u00eb m\u00eb par\u00eb si qesharake, pasi me 30 mij\u00eb lek\u00eb pensionist\u00ebt munden t\u00eb blejn\u00eb vet\u00ebm nj\u00eb buk\u00eb n\u00eb dit\u00eb.<\/p>\n<p>\u201cT\u00eb dashur bashk\u00ebqytetar me rolexa, afrohuni, qytetar\u00eb me iphone afrohuni. Ja ku jemi n dit\u00ebn e 6-t\u00eb t\u00eb rezistenc\u00ebs ton\u00eb. N\u00eb dit\u00ebn e 6 t\u00eb presionit q\u00ebytatr nda k\u00ebtij kryeministri t\u00eb vetmuar, n\u00eb dit\u00ebn e 6-t\u00eb t\u00eb vetmis\u00eb s\u00eb madhe. N\u00eb dit\u00ebn e 6-t\u00eb t\u00eb nj\u00eb proteste q\u00eb nuk i ka kryer asnj\u00eb d\u00ebm k\u00ebtij qyteti. Kryeministri mbyllet me blinda.<\/p>\n<p>Nd\u00ebrkoh\u00eb q\u00eb qytetar\u00ebt i ka l\u00ebn\u00eb pa buk\u00eb, paketa e rezistenc\u00ebs s\u00eb k\u00ebtij kryeministri \u00ebsht\u00eb si ato rezistenca q\u00eb digjet sa e v\u00eb n\u00eb priz\u00eb. T\u00eb dashur qytetar\u00eb keni frym\u00ebzuar nj\u00eb Shqip\u00ebri t\u00eb prer\u00eb. Qytete me radh\u00eb jan\u00eb t\u00eb gjith\u00eb n\u00eb protest, a e kuptoni \u00e7far\u00eb keni b\u00ebr\u00eb apo jo.<\/p>\n<p>Kryeministrit i prish\u00ebt pushimet e kthyet nga Dubai. Kryeministri refuzoi 6 dit\u00eb m\u00eb par\u00eb t\u00eb pranonte kriz\u00ebn, vet\u00ebm kur ju pa ju k\u00ebtu e kuptoi se duhej t\u00eb kujdesej p\u00ebr t\u00eb mbajtur karrigen. \u00c7far\u00ebdo q\u00eb ju ka dh\u00ebn\u00eb nuk e ka dh\u00ebn\u00eb por e keni marr\u00eb. A e kuptoni \u00e7far\u00eb ka dh\u00ebn\u00eb, u ka dh\u00ebn\u00eb pensionist\u00ebve 30 mij\u00eb lek\u00eb, nj\u00eb buk\u00eb n\u00eb dit\u00eb u ka dh\u00ebn\u00eb.<\/p>\n<p>Pensionist\u00ebt q\u00eb kan\u00eb nd\u00ebrtuar k\u00ebt\u00eb vend, u ka dh\u00ebn\u00eb 30 mij\u00eb lek\u00eb. Kjo \u00ebsht\u00eb p\u00ebr t\u00eb qeshur. Kjo protest nuk \u00ebsht\u00eb sprint, por \u00ebsht\u00eb maraton\u00eb, \u00ebsht\u00eb q\u00ebndrim. Ne nuk shkulemi pa fituar dinjitetin, ne nuk shkulemi pa fituar dinjitetin\u201d, tha Qiraxhi.<\/p>\n","protected":false},"excerpt":{"rendered":"<p>Ka nisur dita e 6-t\u00eb e protest\u00ebs kund\u00ebr rritjes s\u00eb \u00e7mimeve n\u00eb vend. Qytetar\u00eb t\u00eb shumt\u00eb jan\u00eb mbledhur s\u00ebrish n\u00eb bulevardin D\u00ebshmor\u00ebt e Kombit\u00eb p\u00ebrball\u00eb ambienteve t\u00eb Kryeministris\u00eb. N\u00eb fjal\u00ebn p\u00ebrball\u00eb protestuesve, aktivisti Migen Qiraxhi deklaroi se protesta do t\u00eb vijoj\u00eb deri n\u00eb uljen reale t\u00eb \u00e7mimeve. Ai e cil\u00ebsoi paket\u00ebn e rezistenc\u00ebs sociale, t\u00eb [&hellip;]<\/p>\n","protected":false},"author":2030,"featured_media":243831,"comment_status":"closed","ping_status":"closed","sticky":false,"template":"","format":"standard","meta":{"footnotes":""},"categories":[241,3366,5380,231],"tags":[],"class_list":{"0":"post-243830","1":"post","2":"type-post","3":"status-publish","4":"format-standard","5":"has-post-thumbnail","7":"category-aktualitet","8":"category-koment","9":"category-kryesore","10":"category-lajme"},"_links":{"self":[{"href":"https:\/\/zjarr.tv\/sq\/wp-json\/wp\/v2\/posts\/243830","targetHints":{"allow":["GET"]}}],"collection":[{"href":"https:\/\/zjarr.tv\/sq\/wp-json\/wp\/v2\/posts"}],"about":[{"href":"https:\/\/zjarr.tv\/sq\/wp-json\/wp\/v2\/types\/post"}],"author":[{"embeddable":true,"href":"https:\/\/zjarr.tv\/sq\/wp-json\/wp\/v2\/users\/2030"}],"replies":[{"embeddable":true,"href":"https:\/\/zjarr.tv\/sq\/wp-json\/wp\/v2\/comments?post=243830"}],"version-history":[{"count":0,"href":"https:\/\/zjarr.tv\/sq\/wp-json\/wp\/v2\/posts\/243830\/revisions"}],"wp:featuredmedia":[{"embeddable":true,"href":"https:\/\/zjarr.tv\/sq\/wp-json\/wp\/v2\/media\/243831"}],"wp:attachment":[{"href":"https:\/\/zjarr.tv\/sq\/wp-json\/wp\/v2\/media?parent=243830"}],"wp:term":[{"taxonomy":"category","embeddable":true,"href":"https:\/\/zjarr.tv\/sq\/wp-json\/wp\/v2\/categories?post=243830"},{"taxonomy":"post_tag","embeddable":true,"href":"https:\/\/zjarr.tv\/sq\/wp-json\/wp\/v2\/tags?post=243830"}],"curies":[{"name":"wp","href":"https:\/\/api.w.org\/{rel}","templated":true}]}}