{"id":243867,"date":"2022-03-14T21:22:35","date_gmt":"2022-03-14T20:22:35","guid":{"rendered":"https:\/\/zjarr.tv\/?p=243867"},"modified":"2022-03-14T21:22:35","modified_gmt":"2022-03-14T20:22:35","slug":"maluma-koncert-ne-kryeqytet-revoltohet-kreshnik-spahiu-biletat-nga-45-100-euro-per-nje-gjysem-kengetar-leku-leter-ne-tirone","status":"publish","type":"post","link":"https:\/\/zjarr.tv\/sq\/maluma-koncert-ne-kryeqytet-revoltohet-kreshnik-spahiu-biletat-nga-45-100-euro-per-nje-gjysem-kengetar-leku-leter-ne-tirone\/","title":{"rendered":"Maluma koncert n\u00eb kryeqytet, revoltohet Kreshnik Spahiu: Biletat nga 45-100 euro p\u00ebr nj\u00eb gjys\u00ebm k\u00ebng\u00ebtar, leku let\u00ebr n\u00eb TIRON\u00cb"},"content":{"rendered":"<p>Themeluesi i Aleanc\u00ebs Kuq e Zi, Kreshnik Spahiu, ka publikuar nj\u00eb foto ku shihen qindra t\u00eb rinj teksa presin n\u00eb radh\u00eb p\u00ebr t\u2019u future n\u00eb koncertin e k\u00ebng\u00ebtarit kolumbian, Malum\u00ebs, i cili po mbahet n\u00eb sheshin \u201cN\u00ebn\u00eb Tereza\u201d, n\u00eb Tiran\u00eb. <\/p>\n<p>Spahiu shkruan se p\u00ebr koncertin e Malum\u00ebs jan\u00eb prer\u00eb 11.000 bileta, t\u00eb cilat kushtonin nga 45 euro deri n\u00eb 100 euro. <\/p>\n<p>Kur t\u00eb gjith\u00eb po p\u00ebrjetojn\u00eb kriz\u00ebn ekonomike, Spahiu shton se \u00ebsht\u00eb \u201cpa fjal\u00eb p\u00ebr qeverin\u00eb dhe popullin\u201d. <\/p>\n<p>\u201c\u00c7UDIRA SHQIPTARE: Nj\u00eb gjys\u00ebm k\u00ebng\u00ebtar kolumbian po k\u00ebndon n\u00eb sheshin e Tiran\u00ebs. Jan\u00eb prer\u00eb 11.000 bileta. <\/p>\n<p>\u00c7mimet ishin nga 45 euro \u2013 100 euro. <\/p>\n<p>Un\u00eb jam pa fjal\u00eb p\u00ebr qeverin\u00eb por edhe p\u00ebr popullin. <\/p>\n<p>Celine Dion dhe Andrea Bocelli n\u00eb sall\u00ebn e operas Paris kushtonin 19 euro p\u00ebrfshi nj\u00eb got\u00eb shampanj\u00eb. <\/p>\n<p>\u201cLeku let\u00ebr\u201d n\u00eb Tiron\u00eb\u2026..\u201d, shkruan ai.<\/p>\n","protected":false},"excerpt":{"rendered":"<p>Themeluesi i Aleanc\u00ebs Kuq e Zi, Kreshnik Spahiu, ka publikuar nj\u00eb foto ku shihen qindra t\u00eb rinj teksa presin n\u00eb radh\u00eb p\u00ebr t\u2019u future n\u00eb koncertin e k\u00ebng\u00ebtarit kolumbian, Malum\u00ebs, i cili po mbahet n\u00eb sheshin \u201cN\u00ebn\u00eb Tereza\u201d, n\u00eb Tiran\u00eb. Spahiu shkruan se p\u00ebr koncertin e Malum\u00ebs jan\u00eb prer\u00eb 11.000 bileta, t\u00eb cilat kushtonin nga [&hellip;]<\/p>\n","protected":false},"author":2031,"featured_media":243868,"comment_status":"closed","ping_status":"closed","sticky":false,"template":"","format":"standard","meta":{"footnotes":""},"categories":[231],"tags":[],"class_list":{"0":"post-243867","1":"post","2":"type-post","3":"status-publish","4":"format-standard","5":"has-post-thumbnail","7":"category-lajme"},"_links":{"self":[{"href":"https:\/\/zjarr.tv\/sq\/wp-json\/wp\/v2\/posts\/243867","targetHints":{"allow":["GET"]}}],"collection":[{"href":"https:\/\/zjarr.tv\/sq\/wp-json\/wp\/v2\/posts"}],"about":[{"href":"https:\/\/zjarr.tv\/sq\/wp-json\/wp\/v2\/types\/post"}],"author":[{"embeddable":true,"href":"https:\/\/zjarr.tv\/sq\/wp-json\/wp\/v2\/users\/2031"}],"replies":[{"embeddable":true,"href":"https:\/\/zjarr.tv\/sq\/wp-json\/wp\/v2\/comments?post=243867"}],"version-history":[{"count":0,"href":"https:\/\/zjarr.tv\/sq\/wp-json\/wp\/v2\/posts\/243867\/revisions"}],"wp:featuredmedia":[{"embeddable":true,"href":"https:\/\/zjarr.tv\/sq\/wp-json\/wp\/v2\/media\/243868"}],"wp:attachment":[{"href":"https:\/\/zjarr.tv\/sq\/wp-json\/wp\/v2\/media?parent=243867"}],"wp:term":[{"taxonomy":"category","embeddable":true,"href":"https:\/\/zjarr.tv\/sq\/wp-json\/wp\/v2\/categories?post=243867"},{"taxonomy":"post_tag","embeddable":true,"href":"https:\/\/zjarr.tv\/sq\/wp-json\/wp\/v2\/tags?post=243867"}],"curies":[{"name":"wp","href":"https:\/\/api.w.org\/{rel}","templated":true}]}}