{"id":243878,"date":"2022-03-14T21:47:16","date_gmt":"2022-03-14T20:47:16","guid":{"rendered":"https:\/\/zjarr.tv\/?p=243878"},"modified":"2022-03-14T21:47:16","modified_gmt":"2022-03-14T20:47:16","slug":"cfare-ben-basha-kur-i-kerkoni-doreheqjen-e-zbulon-grida-duma-mban-shenim-emrat-ka-nevoje-per-analize-psikologjike","status":"publish","type":"post","link":"https:\/\/zjarr.tv\/sq\/cfare-ben-basha-kur-i-kerkoni-doreheqjen-e-zbulon-grida-duma-mban-shenim-emrat-ka-nevoje-per-analize-psikologjike\/","title":{"rendered":"\u00c7far\u00eb b\u00ebn Basha kur i k\u00ebrkoni dor\u00ebheqjen? E zbulon Grida Duma: Mban sh\u00ebnim emrat, ka nevoj\u00eb p\u00ebr analiz\u00eb psikologjike"},"content":{"rendered":"<p>Deputetja \u00a0e Partis\u00eb Demkratike Grida Duma ka folur mbr\u00ebmjen p\u00ebr zhvillimet e fundit politike n\u00eb PD dhe p\u00ebr faktin se kreu i PD Lulzim Basha nuk pranon q\u00eb t\u00eb jap\u00eb dor\u00ebheqjen edhe pse k\u00ebt\u00eb i kan\u00eb k\u00ebrkuar pothuajse t\u00eb gjith\u00eb deputet\u00ebt demokrat\u00eb. <\/p>\n<p>Ajo tha n\u00eb emisionin \u201cT\u00eb Paekspozuarit\u201d se kryedemokrati \u201ci ka djegur t\u00eb gjith\u00eb etapat\u201d dhe duhet t\u00eb largohet nga drejtimi i PD. <\/p>\n<p>Teksa \u00ebsht\u00eb pyetur se p\u00ebrse nuk largohet nga drejtimi i partis\u00eb, deputetja tha se duhet nj\u00eb analiz\u00eb psikologjike p\u00ebr k\u00ebt\u00eb rast dhe se Basha mban sh\u00ebnime gjat\u00eb mbledhjes se kush i k\u00ebrkon dor\u00ebheqjen. <\/p>\n<p>Grida Duma:\u00a0Nuk \u00ebsht\u00eb situat\u00eb e leht\u00eb, por \u00ebsht\u00eb situat\u00eb q\u00eb k\u00ebrkon zgjidhjen. I ka djegur t\u00eb gjith\u00eb etapat Lulzim Basha p\u00ebr t\u00eb sugjeruar \u00e7do gj\u00eb qe ka t\u00eb b\u00ebj\u00eb me kreun e PD.\u00a0Nuk mund t\u00eb kryesoj\u00eb m\u00eb PD-n\u00eb, sepse PD n\u00eb 6 mars, na p\u00ebrket t\u00eb gjith\u00ebve t\u00eb mbajm\u00eb p\u00ebrgjegj\u00ebsin\u00eb dhe t\u00eb b\u00ebjm\u00eb ringritjen e partis\u00eb. Kam marrje fryme p\u00ebr nj\u00eb rezultat q\u00eb nuk duhej kurr\u00ebsesi t\u00eb shkonte n\u00eb k\u00ebto minimum. Mb\u00ebshtetja ime e pakusht\u00ebzuar p\u00ebr Bash\u00ebn kishte marr\u00eb fund.\u00a0 Pas nj\u00eb shansi pas 9 shtatorit, nuk mund t\u00eb tolerohej m\u00eb. <\/p>\n<p>Ylli Rakipi: \u00c7far\u00eb ju thot\u00eb Basha n\u00eb mbledhje kur ju i k\u00ebrkoni dor\u00ebheqjen?\u00a0 <\/p>\n<p>Grida Duma:\u00a0Ndoshta duhet analiz\u00eb psikologjike profesionale. Nuk ka mund\u00ebsi q\u00eb njeriu normal, kur d\u00ebgjon q\u00eb shumic\u00eb nuk d\u00ebshiron q\u00eb ai t\u00eb vijoj\u00eb, ai t\u00eb kapet pas fijes s\u00eb barit.<\/p>\n<p>N\u00eb k\u00ebto mbledhje edhe jan\u00eb shtremb\u00ebruar fjal\u00ebt. <\/p>\n<p>Por, \u00ebsht\u00eb nj\u00eb tentativ\u00eb p\u00ebr t\u00eb zvarritur zgjidhjen q\u00eb \u00ebsht\u00eb vet\u00ebm nj\u00eb. Cfar\u00eb thot\u00eb? Ai merr sh\u00ebnim. Kur t\u00eb gjith\u00eb i k\u00ebrkojn\u00eb dor\u00ebheqjen, ai merr sh\u00ebnim dhe thot\u00eb, filani m\u00eb thot\u00eb jep dor\u00ebheqjen. <\/p>\n<p>Ylli Rakipi:\u00a0N\u00eb fund t\u00eb sh\u00ebnimet nuk ka konkluzion? <\/p>\n<p>Grida Duma: N\u00eb fund t\u00eb sh\u00ebnimeve ajo q\u00eb ne v\u00ebm\u00eb re, \u00ebsht\u00eb se p\u00ebrs\u00ebritet i nj\u00ebjti tekst q\u00eb \u00ebsht\u00eb th\u00ebn\u00eb n\u00eb fillim t\u00eb mbledhjes. N\u00ebse do t\u00eb kishte reflektim nga ana e tij m\u00eb par\u00eb dhe po ta kishte aft\u00ebsin\u00eb p\u00ebr reflektim, ndoshta nuk do t\u00eb ishim k\u00ebtu.<\/p>\n","protected":false},"excerpt":{"rendered":"<p>Deputetja \u00a0e Partis\u00eb Demkratike Grida Duma ka folur mbr\u00ebmjen p\u00ebr zhvillimet e fundit politike n\u00eb PD dhe p\u00ebr faktin se kreu i PD Lulzim Basha nuk pranon q\u00eb t\u00eb jap\u00eb dor\u00ebheqjen edhe pse k\u00ebt\u00eb i kan\u00eb k\u00ebrkuar pothuajse t\u00eb gjith\u00eb deputet\u00ebt demokrat\u00eb. Ajo tha n\u00eb emisionin \u201cT\u00eb Paekspozuarit\u201d se kryedemokrati \u201ci ka djegur t\u00eb gjith\u00eb [&hellip;]<\/p>\n","protected":false},"author":2031,"featured_media":205400,"comment_status":"closed","ping_status":"closed","sticky":false,"template":"","format":"standard","meta":{"footnotes":""},"categories":[231],"tags":[],"class_list":{"0":"post-243878","1":"post","2":"type-post","3":"status-publish","4":"format-standard","5":"has-post-thumbnail","7":"category-lajme"},"_links":{"self":[{"href":"https:\/\/zjarr.tv\/sq\/wp-json\/wp\/v2\/posts\/243878","targetHints":{"allow":["GET"]}}],"collection":[{"href":"https:\/\/zjarr.tv\/sq\/wp-json\/wp\/v2\/posts"}],"about":[{"href":"https:\/\/zjarr.tv\/sq\/wp-json\/wp\/v2\/types\/post"}],"author":[{"embeddable":true,"href":"https:\/\/zjarr.tv\/sq\/wp-json\/wp\/v2\/users\/2031"}],"replies":[{"embeddable":true,"href":"https:\/\/zjarr.tv\/sq\/wp-json\/wp\/v2\/comments?post=243878"}],"version-history":[{"count":0,"href":"https:\/\/zjarr.tv\/sq\/wp-json\/wp\/v2\/posts\/243878\/revisions"}],"wp:featuredmedia":[{"embeddable":true,"href":"https:\/\/zjarr.tv\/sq\/wp-json\/wp\/v2\/media\/205400"}],"wp:attachment":[{"href":"https:\/\/zjarr.tv\/sq\/wp-json\/wp\/v2\/media?parent=243878"}],"wp:term":[{"taxonomy":"category","embeddable":true,"href":"https:\/\/zjarr.tv\/sq\/wp-json\/wp\/v2\/categories?post=243878"},{"taxonomy":"post_tag","embeddable":true,"href":"https:\/\/zjarr.tv\/sq\/wp-json\/wp\/v2\/tags?post=243878"}],"curies":[{"name":"wp","href":"https:\/\/api.w.org\/{rel}","templated":true}]}}