{"id":244503,"date":"2022-03-17T03:00:11","date_gmt":"2022-03-17T02:00:11","guid":{"rendered":"https:\/\/zjarr.tv\/?p=244503"},"modified":"2022-03-17T03:00:11","modified_gmt":"2022-03-17T02:00:11","slug":"duhet-nje-lidership-i-ri-gjekmarkaj-basha-dhe-berisha-jane-problemi-dhe-jo-zgjidhja","status":"publish","type":"post","link":"https:\/\/zjarr.tv\/sq\/duhet-nje-lidership-i-ri-gjekmarkaj-basha-dhe-berisha-jane-problemi-dhe-jo-zgjidhja\/","title":{"rendered":"\u201cDuhet nj\u00eb lidership i ri\u201d, Gjekmarkaj: Basha dhe Berisha jan\u00eb problemi dhe jo zgjidhja"},"content":{"rendered":"<p>Deputeti Agron Gjerkmarkaj ka folur n\u00eb lidhje me situat\u00ebn n\u00eb PD, ku ka th\u00ebn\u00eb se grupi parlamentar i ka Lulzim Bash\u00ebs q\u00eb t\u00eb jap\u00eb dor\u00ebheqje.<\/p>\n<p>\u201cSa i p\u00ebrket mbledhjes ka patur debat normal p\u00ebr kushtet ku jemi, ku shumica e deputeteve t\u00eb PD, disa i kan\u00eb k\u00ebrkuar Bash\u00ebs hap pas dhe disa dor\u00ebheqjen e pakusht\u00ebzuar\u201d, \u00ebsht\u00eb shprehur Gjekmarkaj.<\/p>\n<p>Ai \u00ebsht\u00eb pyetur se n\u00ebse Basha b\u00ebn hap pas po Sali Berisha a do t\u00eb b\u00ebnte t\u00eb nj\u00ebjt\u00ebn gj\u00eb, ai tha se \u00ebsht\u00eb e v\u00ebshtir\u00eb t\u00eb kusht\u00ebzohet Berisha, p\u00ebr sa koh\u00eb \u00ebsht\u00eb p\u00ebrjashtuar nga strukturat e partis\u00eb.<\/p>\n<p>\u201cN\u00eb fakt q\u00eb t\u00eb jem i ndersh\u00ebm me ju dhe ata q\u00eb na shohin, un\u00eb personalisht n\u00eb rrafshin e mbajtjes p\u00ebrgjegj\u00ebsi, ashtu si\u00e7 mbajta vet\u00eb i kam k\u00ebrkuar zotit Basha t\u00eb mbaj\u00eb p\u00ebrgjegjesi. Esht\u00eb  pak e v\u00ebshtire ta kondicionosh zotin Berisha n\u00eb momentin kur e ke p\u00ebrjashtuar pas 8 Janarit. Nga pik\u00ebpamja teknike, demokracia ka procedur\u00eb. Ai ka nj\u00eb parti tjet\u00ebr q\u00eb \u00ebsht\u00eb \u201cSht\u00ebpia e liris\u00eb\u201d. Pastaj n\u00ebse ka vullnet politik p\u00ebr bashkim e gj\u00ebra t\u00eb tjera, kjo \u00ebsht\u00eb gj\u00eb tjet\u00ebr, por n\u00eb k\u00ebt\u00eb moment nuk ke \u00e7far\u00eb i k\u00ebrkon atij sepse ai \u00ebsht\u00eb nj\u00eb parti tjet\u00ebr. Sjellja e zotit Basha duhet t\u00eb jet\u00eb sjellje q\u00eb kusht\u00ebzohet nga raportet e brendshme me njer\u00ebzit dhe pritshm\u00ebrit\u00eb e publikut nga PD\u201d, u shpreh Gjekmarkaj p\u00ebr \u201cOpinion\u201d.<\/p>\n<p>Nd\u00ebr t\u00eb tjera deputeti i opozit\u00ebs tha se Berisha dhe Basha duhet t\u00eb hapin rrug\u00ebn p\u00ebr nj\u00eb lidership t\u00eb ri n\u00eb Partin\u00eb Demokratike.<\/p>\n<p>\u201cSugjerimi im \u00ebsht\u00eb q\u00eb Basha dhe Berisha jan\u00eb problemi dhe jo zgjidhja. T\u00eb shohin opsione te reja per veten e tyre duke l\u00ebn\u00eb vend p\u00ebr nj\u00eb lidership t\u00eb ri.<\/p>\n<p>\u00cbsht\u00eb n\u00eb nd\u00ebrgjegjen e tij se si duhet t\u00eb sillet zoti Basha. Un\u00eb q\u00ebndrimin tim e kam b\u00ebr\u00eb publik. Un\u00eb  kam dal\u00eb  nga PD, n\u00eb kuptimin kam dh\u00ebn\u00eb dor\u00ebheqje q\u00eb t\u00eb mos jem protagonist n\u00eb zhvillimet e m\u00ebvonshme. Nuk dua t\u00eb jem pjes\u00eb e asnj\u00eb rryme. Nuk do b\u00ebj pjes\u00eb n\u00eb k\u00ebt\u00eb lufte civile t\u00eb PD-s\u00eb ku luhet p\u00ebr interesat personale t\u00eb nj\u00eb krahu apo nj\u00eb krahu tjet\u00ebr. Kontributi im do t\u00eb jet\u00eb n\u00eb rrafshin e ideve, aq sa idet\u00eb e mia kan\u00eb vler\u00eb. Sepse nuk pretendoj q\u00eb jan\u00eb \u00e7el\u00ebsi magjik.  Do jem deputet i thjesht\u00eb duke luajtur rolin e deputetit ne kohen e mbetur te parlamentit.  n\u00eb q\u00ebndrimin tim e kam b\u00ebr\u00eb publik ndaj zotit Basha dhe zhvillimeve n\u00eb PD, i mbetet atij t\u00eb vendos\u00eb. Do jem deputet i PD dhe do t\u00eb jem nj\u00eb deputet pa funksione politike n\u00eb PD\u201d tha ai.<\/p>\n","protected":false},"excerpt":{"rendered":"<p>Deputeti Agron Gjerkmarkaj ka folur n\u00eb lidhje me situat\u00ebn n\u00eb PD, ku ka th\u00ebn\u00eb se grupi parlamentar i ka Lulzim Bash\u00ebs q\u00eb t\u00eb jap\u00eb dor\u00ebheqje. \u201cSa i p\u00ebrket mbledhjes ka patur debat normal p\u00ebr kushtet ku jemi, ku shumica e deputeteve t\u00eb PD, disa i kan\u00eb k\u00ebrkuar Bash\u00ebs hap pas dhe disa dor\u00ebheqjen e pakusht\u00ebzuar\u201d, [&hellip;]<\/p>\n","protected":false},"author":2031,"featured_media":181250,"comment_status":"closed","ping_status":"closed","sticky":false,"template":"","format":"standard","meta":{"footnotes":""},"categories":[231],"tags":[],"class_list":{"0":"post-244503","1":"post","2":"type-post","3":"status-publish","4":"format-standard","5":"has-post-thumbnail","7":"category-lajme"},"_links":{"self":[{"href":"https:\/\/zjarr.tv\/sq\/wp-json\/wp\/v2\/posts\/244503","targetHints":{"allow":["GET"]}}],"collection":[{"href":"https:\/\/zjarr.tv\/sq\/wp-json\/wp\/v2\/posts"}],"about":[{"href":"https:\/\/zjarr.tv\/sq\/wp-json\/wp\/v2\/types\/post"}],"author":[{"embeddable":true,"href":"https:\/\/zjarr.tv\/sq\/wp-json\/wp\/v2\/users\/2031"}],"replies":[{"embeddable":true,"href":"https:\/\/zjarr.tv\/sq\/wp-json\/wp\/v2\/comments?post=244503"}],"version-history":[{"count":0,"href":"https:\/\/zjarr.tv\/sq\/wp-json\/wp\/v2\/posts\/244503\/revisions"}],"wp:featuredmedia":[{"embeddable":true,"href":"https:\/\/zjarr.tv\/sq\/wp-json\/wp\/v2\/media\/181250"}],"wp:attachment":[{"href":"https:\/\/zjarr.tv\/sq\/wp-json\/wp\/v2\/media?parent=244503"}],"wp:term":[{"taxonomy":"category","embeddable":true,"href":"https:\/\/zjarr.tv\/sq\/wp-json\/wp\/v2\/categories?post=244503"},{"taxonomy":"post_tag","embeddable":true,"href":"https:\/\/zjarr.tv\/sq\/wp-json\/wp\/v2\/tags?post=244503"}],"curies":[{"name":"wp","href":"https:\/\/api.w.org\/{rel}","templated":true}]}}