{"id":244743,"date":"2022-03-18T00:00:05","date_gmt":"2022-03-17T23:00:05","guid":{"rendered":"https:\/\/zjarr.tv\/?p=244743"},"modified":"2022-03-18T00:00:05","modified_gmt":"2022-03-17T23:00:05","slug":"ministrja-ibrahimaj-nje-person-duhet-te-fitoje-130-140-euro-ne-muaj-qe-te-mos-quhet-i-varfer","status":"publish","type":"post","link":"https:\/\/zjarr.tv\/sq\/ministrja-ibrahimaj-nje-person-duhet-te-fitoje-130-140-euro-ne-muaj-qe-te-mos-quhet-i-varfer\/","title":{"rendered":"Ministrja Ibrahimaj: Nj\u00eb person duhet t\u00eb fitoj\u00eb 130-140 euro n\u00eb muaj q\u00eb t\u00eb mos quhet i varf\u00ebr"},"content":{"rendered":"<p>Ministrja e Financave, Delina Ibrahimaj, deklaroi mbr\u00ebmjen e sotme se nj\u00eb person n\u00eb Shqip\u00ebri q\u00eb t\u00eb mos quhet i varf\u00ebr duhet t\u00eb fitoj\u00eb 130-140 euro n\u00eb muaj. <\/p>\n<p>Ajo u shpreh n\u00eb \u201cOpinion\u201d se \u00e7mimet kan\u00eb ndryshuar nga dita n\u00eb dit\u00eb si pasoj\u00eb e situat\u00ebs kaotike. Sipas saj, shkaku i rritjes, n\u00eb radh\u00eb t\u00eb par\u00eb ka t\u00eb b\u00ebj\u00eb me kriz\u00ebn nd\u00ebrkomb\u00ebtare p\u00ebr disa produkte, si vaji, mielli q\u00eb sipas ministres importohen nga jasht\u00eb.<\/p>\n<p>Blendi Fevziu:\u00a0Ju keni qen\u00eb edhe drejtoresh\u00eb e INSTAT. Sa duhet t\u00eb jet\u00eb pagesa p\u00ebr nj\u00eb person q\u00eb t\u00eb jetoj\u00eb, jo t\u00eb marr\u00eb prodhime luksi? Sa duhet t\u00eb marr\u00eb nj\u00eb shqiptar sot? <\/p>\n<p>Delina Ibrahimaj:\u00a0Pagesa, se shqiptar\u00ebt kan\u00eb paga, kan\u00eb dhe qira, kan\u00eb edhe remitanca. Ne nuk kemi nj\u00eb \u00a0p\u00ebr nj\u00eb person, ne nuk kemi nj\u00eb p\u00ebrllogaritje, por kemi nj\u00eb p\u00ebrllogaritje t\u00eb shport\u00ebs mesatare. Pra nuk kemi nj\u00eb p\u00ebrllogaritje se sa duhet t\u00eb jen\u00eb t\u00eb ardhurat e nj\u00eb personi, patjet\u00ebr q\u00eb kjo shum\u00ebzohet me familjen mesatare q\u00eb \u00ebsht\u00eb 3.5 persona. <\/p>\n<p>Pyetja i referohet se sa duhet t\u00eb gjeneroj\u00eb nj\u00eb individ p\u00ebr t\u00eb jetuar, p\u00ebr t\u00eb mos u konsideruar i varf\u00ebr, kjo shif\u00ebr \u00ebsht\u00eb diku tek 130 Euro, 140 Euro p\u00ebr person.<\/p>\n","protected":false},"excerpt":{"rendered":"<p>Ministrja e Financave, Delina Ibrahimaj, deklaroi mbr\u00ebmjen e sotme se nj\u00eb person n\u00eb Shqip\u00ebri q\u00eb t\u00eb mos quhet i varf\u00ebr duhet t\u00eb fitoj\u00eb 130-140 euro n\u00eb muaj. Ajo u shpreh n\u00eb \u201cOpinion\u201d se \u00e7mimet kan\u00eb ndryshuar nga dita n\u00eb dit\u00eb si pasoj\u00eb e situat\u00ebs kaotike. Sipas saj, shkaku i rritjes, n\u00eb radh\u00eb t\u00eb par\u00eb ka [&hellip;]<\/p>\n","protected":false},"author":2031,"featured_media":208042,"comment_status":"closed","ping_status":"closed","sticky":false,"template":"","format":"standard","meta":{"footnotes":""},"categories":[231],"tags":[],"class_list":{"0":"post-244743","1":"post","2":"type-post","3":"status-publish","4":"format-standard","5":"has-post-thumbnail","7":"category-lajme"},"_links":{"self":[{"href":"https:\/\/zjarr.tv\/sq\/wp-json\/wp\/v2\/posts\/244743","targetHints":{"allow":["GET"]}}],"collection":[{"href":"https:\/\/zjarr.tv\/sq\/wp-json\/wp\/v2\/posts"}],"about":[{"href":"https:\/\/zjarr.tv\/sq\/wp-json\/wp\/v2\/types\/post"}],"author":[{"embeddable":true,"href":"https:\/\/zjarr.tv\/sq\/wp-json\/wp\/v2\/users\/2031"}],"replies":[{"embeddable":true,"href":"https:\/\/zjarr.tv\/sq\/wp-json\/wp\/v2\/comments?post=244743"}],"version-history":[{"count":0,"href":"https:\/\/zjarr.tv\/sq\/wp-json\/wp\/v2\/posts\/244743\/revisions"}],"wp:featuredmedia":[{"embeddable":true,"href":"https:\/\/zjarr.tv\/sq\/wp-json\/wp\/v2\/media\/208042"}],"wp:attachment":[{"href":"https:\/\/zjarr.tv\/sq\/wp-json\/wp\/v2\/media?parent=244743"}],"wp:term":[{"taxonomy":"category","embeddable":true,"href":"https:\/\/zjarr.tv\/sq\/wp-json\/wp\/v2\/categories?post=244743"},{"taxonomy":"post_tag","embeddable":true,"href":"https:\/\/zjarr.tv\/sq\/wp-json\/wp\/v2\/tags?post=244743"}],"curies":[{"name":"wp","href":"https:\/\/api.w.org\/{rel}","templated":true}]}}