{"id":245088,"date":"2022-03-19T17:29:24","date_gmt":"2022-03-19T16:29:24","guid":{"rendered":"https:\/\/zjarr.tv\/?p=245088"},"modified":"2022-03-19T17:29:24","modified_gmt":"2022-03-19T16:29:24","slug":"do-u-pergjigjem-dy-ministreshave-caushaj-u-drejtohet-ballukut-dhe-ibrahimajt-doja-edhe-une-te-ikja-ne-pune-si-ne-europe-pa-u-ngjeshur-si-sardele-ne-urban","status":"publish","type":"post","link":"https:\/\/zjarr.tv\/sq\/do-u-pergjigjem-dy-ministreshave-caushaj-u-drejtohet-ballukut-dhe-ibrahimajt-doja-edhe-une-te-ikja-ne-pune-si-ne-europe-pa-u-ngjeshur-si-sardele-ne-urban\/","title":{"rendered":"\u201cDo u p\u00ebrgjigjem dy ministreshave\u201d, \u00c7aushaj u drejtohet Ballukut dhe Ibrahimajt: Doja edhe un\u00eb t\u00eb ikja n\u00eb pun\u00eb si n\u00eb Europ\u00eb, pa u ngjeshur si sardele n\u00eb urban"},"content":{"rendered":"<p>Aktivistja Rezarta Caushaj u \u00ebsht\u00eb drejtuar sot protestueve te Kryeministria t\u00eb cilat jan\u00eb mbledhur p\u00ebr t\u00eb kund\u00ebrshtuar rritjen e \u00e7mimeve n\u00eb vend.<\/p>\n<p>Ajo iu drejtuar ministreve Delina Ibrahimaj dhe Belinda Balluku, pas deklaratave q\u00eb ato kan\u00eb b\u00ebr\u00eb se fundni n\u00eb lidhje me kriz\u00ebn ekonomike n\u00eb vend.<\/p>\n<p>\u00c7aushaj: Dua tju falenderoj t\u00eb gjith\u00ebve q\u00eb iu b\u00ebt\u00eb krah\u00a0 nj\u00ebri tjetrit, sepse duhet t\u00eb pranoj\u00ebm qe kemi nje qeveri arrogante, sepse e kemi l\u00ebshuar nj\u00ebri tjetrin, fitorja me e madhe q\u00eb i jemi b\u00ebr\u00eb krah nj\u00ebri tjetrit, nuk mund t\u00eb humbasim, dhe sot kemi nje qeveri arrogante.<\/p>\n<p>Do u p\u00ebrgjigjem sot dy ministreshave, dua t\u00eb b\u00ebj ca llogari, zonja Ibrahimaj kurse Balluku vazhdon q\u00eb n\u00eb t\u00eb kursejm\u00eb q\u00eb t\u00eb marrim transportin urban, cfar\u00eb do t\u00eb thote t\u00eb jesh nj\u00ebri jo i varf\u00ebr sipas ministres, doja t\u00eb ngrihesha dhe ta kisha n\u00eb an\u00ebn tjet\u00ebr t\u00eb qytetit si n\u00eb Europ\u00eb, pa u ngjeshur si sardele, pa u stresuar, do merrja trenin nj\u00eb or\u00eb e gjysm\u00eb.<\/p>\n<p>Po cfar\u00eb ndodh kur p\u00ebrdor transportin publik, dal n\u00eb or\u00ebn 7 nga Manza n\u00eb Durr\u00ebs dhe dua t\u00eb p\u00ebrdor transportin publik p\u00ebr t\u00eb cuar f\u00ebmij\u00ebt n\u00eb kopsht, shkojm\u00eb t\u00eb autobusi, b\u00ebj segmentin e tmerrsh\u00ebm nga Dogana te Zogu i Zi, q\u00eb nga 5 minuta \u00ebsh\u00eb 50 minuta.<\/p>\n<p>Humbas 2 or\u00eb m\u00ebngjes p\u00ebr m\u00ebngjes, pa folur p\u00ebr kushtet se edhe un\u00eb e urrej makin\u00ebn q\u00eb e kam bler\u00eb t\u00eb p\u00ebrdorur, flasim p\u00ebr transportin, p\u00ebr cil\u00ebsin\u00eb, se nj\u00eb te sheshi q\u00eb thot\u00eb t\u00eb d\u00ebgjojm\u00eb nj\u00ebri tjetrin, p\u00ebr cfar\u00eb, sna ka pyetur nj\u00ebri p\u00ebr hallet tona, na ka pyetur p\u00ebr legalizimin e kanabisit, p\u00ebr c\u00ebshtje q\u00eb nuk jan\u00eb n\u00eb interesin ton\u00eb. Jo vet\u00ebm dje po edhe sot e nes\u00ebr duhet t\u00eb jemi n\u00eb shesh q\u00eb t\u00eb na d\u00ebgjojn\u00eb.<\/p>\n","protected":false},"excerpt":{"rendered":"<p>Aktivistja Rezarta Caushaj u \u00ebsht\u00eb drejtuar sot protestueve te Kryeministria t\u00eb cilat jan\u00eb mbledhur p\u00ebr t\u00eb kund\u00ebrshtuar rritjen e \u00e7mimeve n\u00eb vend. Ajo iu drejtuar ministreve Delina Ibrahimaj dhe Belinda Balluku, pas deklaratave q\u00eb ato kan\u00eb b\u00ebr\u00eb se fundni n\u00eb lidhje me kriz\u00ebn ekonomike n\u00eb vend. \u00c7aushaj: Dua tju falenderoj t\u00eb gjith\u00ebve q\u00eb iu b\u00ebt\u00eb [&hellip;]<\/p>\n","protected":false},"author":2030,"featured_media":245089,"comment_status":"closed","ping_status":"closed","sticky":false,"template":"","format":"standard","meta":{"footnotes":""},"categories":[241,3366,231],"tags":[],"class_list":{"0":"post-245088","1":"post","2":"type-post","3":"status-publish","4":"format-standard","5":"has-post-thumbnail","7":"category-aktualitet","8":"category-koment","9":"category-lajme"},"_links":{"self":[{"href":"https:\/\/zjarr.tv\/sq\/wp-json\/wp\/v2\/posts\/245088","targetHints":{"allow":["GET"]}}],"collection":[{"href":"https:\/\/zjarr.tv\/sq\/wp-json\/wp\/v2\/posts"}],"about":[{"href":"https:\/\/zjarr.tv\/sq\/wp-json\/wp\/v2\/types\/post"}],"author":[{"embeddable":true,"href":"https:\/\/zjarr.tv\/sq\/wp-json\/wp\/v2\/users\/2030"}],"replies":[{"embeddable":true,"href":"https:\/\/zjarr.tv\/sq\/wp-json\/wp\/v2\/comments?post=245088"}],"version-history":[{"count":0,"href":"https:\/\/zjarr.tv\/sq\/wp-json\/wp\/v2\/posts\/245088\/revisions"}],"wp:featuredmedia":[{"embeddable":true,"href":"https:\/\/zjarr.tv\/sq\/wp-json\/wp\/v2\/media\/245089"}],"wp:attachment":[{"href":"https:\/\/zjarr.tv\/sq\/wp-json\/wp\/v2\/media?parent=245088"}],"wp:term":[{"taxonomy":"category","embeddable":true,"href":"https:\/\/zjarr.tv\/sq\/wp-json\/wp\/v2\/categories?post=245088"},{"taxonomy":"post_tag","embeddable":true,"href":"https:\/\/zjarr.tv\/sq\/wp-json\/wp\/v2\/tags?post=245088"}],"curies":[{"name":"wp","href":"https:\/\/api.w.org\/{rel}","templated":true}]}}