{"id":245092,"date":"2022-03-19T17:31:56","date_gmt":"2022-03-19T16:31:56","guid":{"rendered":"https:\/\/zjarr.tv\/?p=245092"},"modified":"2022-03-19T17:31:56","modified_gmt":"2022-03-19T16:31:56","slug":"a-do-largoheshit-nga-shqiperia-i-riu-tregon-dramen-e-tij-nuk-kam-as-leke-per-te-bere-pashaporten-edi-rama-ben-gangsterin-ne-europe-me-taksat-tona","status":"publish","type":"post","link":"https:\/\/zjarr.tv\/sq\/a-do-largoheshit-nga-shqiperia-i-riu-tregon-dramen-e-tij-nuk-kam-as-leke-per-te-bere-pashaporten-edi-rama-ben-gangsterin-ne-europe-me-taksat-tona\/","title":{"rendered":"\u201cA do largoheshit nga Shqip\u00ebria?\u201d, i riu tregon dram\u00ebn e tij: Nuk kam as lek\u00eb p\u00ebr t\u00eb b\u00ebr\u00eb pashaport\u00ebn, Edi Rama b\u00ebn gangsterin n\u00eb Europ\u00eb me taksat tona"},"content":{"rendered":"<p>Vijon protesta para Kryeministris\u00eb kund\u00ebr rritjes s\u00eb \u00e7mimeve n\u00eb vend. Student\u00eb dhe qytetar\u00eb t\u00eb tjer\u00eb jan\u00eb ulur k\u00ebmb\u00ebkryq n\u00eb protest\u00ebn q\u00eb \u00ebsht\u00eb paralajm\u00ebruar se do t\u00eb zgjas\u00eb 24 or\u00eb.<\/p>\n<p>Nj\u00eb prej t\u00eb rinjve tha se \u00e7mimet jan\u00eb rritur shum\u00eb nd\u00ebrsa shtoi se nuk ka lek\u00eb as p\u00ebr t\u00eb b\u00ebr\u00eb pashaport\u00ebn.<\/p>\n<p>\u201cNuk kam lek\u00eb p\u00ebr t\u00eb b\u00ebr\u00eb as pashaport\u00ebn se do ikja, me taksat tona Edi Rama b\u00ebn gangsterin n\u00eb Europ\u00eb. Ata pushimet i b\u00ebjn\u00eb n\u00eb Dubai, 5000 lek\u00eb ka vajtur vaji, \u00ebsht\u00eb turpi i bot\u00ebs. Duam uljen e \u00e7mimeve, kaq\u201d\u2013 u shpreh nj\u00eb prej t\u00eb rinjve.<\/p>\n","protected":false},"excerpt":{"rendered":"<p>Vijon protesta para Kryeministris\u00eb kund\u00ebr rritjes s\u00eb \u00e7mimeve n\u00eb vend. Student\u00eb dhe qytetar\u00eb t\u00eb tjer\u00eb jan\u00eb ulur k\u00ebmb\u00ebkryq n\u00eb protest\u00ebn q\u00eb \u00ebsht\u00eb paralajm\u00ebruar se do t\u00eb zgjas\u00eb 24 or\u00eb. Nj\u00eb prej t\u00eb rinjve tha se \u00e7mimet jan\u00eb rritur shum\u00eb nd\u00ebrsa shtoi se nuk ka lek\u00eb as p\u00ebr t\u00eb b\u00ebr\u00eb pashaport\u00ebn. \u201cNuk kam lek\u00eb p\u00ebr t\u00eb [&hellip;]<\/p>\n","protected":false},"author":2030,"featured_media":245093,"comment_status":"closed","ping_status":"closed","sticky":false,"template":"","format":"standard","meta":{"footnotes":""},"categories":[241,3366,5380,231],"tags":[],"class_list":{"0":"post-245092","1":"post","2":"type-post","3":"status-publish","4":"format-standard","5":"has-post-thumbnail","7":"category-aktualitet","8":"category-koment","9":"category-kryesore","10":"category-lajme"},"_links":{"self":[{"href":"https:\/\/zjarr.tv\/sq\/wp-json\/wp\/v2\/posts\/245092","targetHints":{"allow":["GET"]}}],"collection":[{"href":"https:\/\/zjarr.tv\/sq\/wp-json\/wp\/v2\/posts"}],"about":[{"href":"https:\/\/zjarr.tv\/sq\/wp-json\/wp\/v2\/types\/post"}],"author":[{"embeddable":true,"href":"https:\/\/zjarr.tv\/sq\/wp-json\/wp\/v2\/users\/2030"}],"replies":[{"embeddable":true,"href":"https:\/\/zjarr.tv\/sq\/wp-json\/wp\/v2\/comments?post=245092"}],"version-history":[{"count":0,"href":"https:\/\/zjarr.tv\/sq\/wp-json\/wp\/v2\/posts\/245092\/revisions"}],"wp:featuredmedia":[{"embeddable":true,"href":"https:\/\/zjarr.tv\/sq\/wp-json\/wp\/v2\/media\/245093"}],"wp:attachment":[{"href":"https:\/\/zjarr.tv\/sq\/wp-json\/wp\/v2\/media?parent=245092"}],"wp:term":[{"taxonomy":"category","embeddable":true,"href":"https:\/\/zjarr.tv\/sq\/wp-json\/wp\/v2\/categories?post=245092"},{"taxonomy":"post_tag","embeddable":true,"href":"https:\/\/zjarr.tv\/sq\/wp-json\/wp\/v2\/tags?post=245092"}],"curies":[{"name":"wp","href":"https:\/\/api.w.org\/{rel}","templated":true}]}}