{"id":245113,"date":"2022-03-19T18:07:28","date_gmt":"2022-03-19T17:07:28","guid":{"rendered":"https:\/\/zjarr.tv\/?p=245113"},"modified":"2022-03-19T18:07:28","modified_gmt":"2022-03-19T17:07:28","slug":"berisha-mbeshtes-plotesisht-protestat-e-qytetareve-po-te-isha-une-ne-krye","status":"publish","type":"post","link":"https:\/\/zjarr.tv\/sq\/berisha-mbeshtes-plotesisht-protestat-e-qytetareve-po-te-isha-une-ne-krye\/","title":{"rendered":"Berisha: Mb\u00ebshtes plot\u00ebsisht protestat e qytetar\u00ebve, po t\u00eb isha un\u00eb n\u00eb krye\u2026"},"content":{"rendered":"<p>Ish-kryeministri Sali Berisha ka komentuar protestat e qytetar\u00ebve kund\u00ebr rritjes s\u00eb \u00e7mimeve t\u00eb produkteve ushqimore dhe karburanteve.<\/p>\n<p>N\u00eb nj\u00eb intervist\u00eb n\u00eb \u201cNe\u00ebs24\u201d ish-lideri histori u shpreh se mb\u00ebshtet protestat, pasi ato jan\u00eb legjitime dhe se qytetar\u00ebt po k\u00ebrkojn\u00eb mburoj\u00eb sociale. Ai shtpi se po t\u00eb ishte n\u00eb krye t\u00eb protest\u00ebs nuk do t\u00eb merrte leje, pasi nuk gj\u00eb tjet\u00ebr p\u00ebrve\u00e7se nj\u00eb protest e ligjshme.<\/p>\n<p>Pyetje: Protestat p\u00ebr \u00e7mimet, Rama i quan \u201cturp\u201d<\/p>\n<p>Berisha: I mb\u00ebshtes plot\u00ebsisht protestuesit dhee konsideroj legjitime protest\u00ebn e tyre, por nuk jemi ne organizator\u00eb t\u00eb protest\u00ebs. Ne i mb\u00ebshtesim sepse ato jan\u00eb legjitime, ata po k\u00ebrkojn\u00eb mburojh\u00eb sociale. po t\u00eb isha un\u00eb n\u00eb krye t\u00eb protesty\u00ebs nuk do t\u00eb merrja leje fare.<\/p>\n<p>Akuzat q\u00eb b\u00ebn Rama mund t\u2019i b\u00ebj\u00eb vet\u00ebm Lukashenko. Protesta tundi themelet e narkoshtetit. \u00c7do protest\u00eb ka ngritjet dhe uljet e saj, por sot ishte e admirueshme dhe vendimi p\u00ebr t\u00eb sakrifikuar dhe p\u00ebr t\u00eb q\u00ebndruar para Kryeministris\u00eb.<\/p>\n<p>Ata po e b\u00ebjn\u00eb p\u00ebr qindra mij\u00ebra shqiptar\u00eb q\u00eb jan\u00eb t\u00eb pambrojtur n\u00eb k\u00ebt\u00eb shtet. Merr vet\u00ebm deklaratat e ministrave n\u00eb k\u00ebt\u00eb kriz\u00eb, se 140 euro mjaftojn\u00eb p\u00ebr t\u00eb mos qen\u00eb t\u00eb varf\u00ebr, t\u00eb gjitha k\u00ebto d\u00ebshmojn\u00eb se jan\u00eb t\u00eb shk\u00ebputur nga realiteti dhe jetojn\u00eb n\u00eb nj\u00eb luks t\u00eb pap\u00ebrmbajtur.<\/p>\n","protected":false},"excerpt":{"rendered":"<p>Ish-kryeministri Sali Berisha ka komentuar protestat e qytetar\u00ebve kund\u00ebr rritjes s\u00eb \u00e7mimeve t\u00eb produkteve ushqimore dhe karburanteve. N\u00eb nj\u00eb intervist\u00eb n\u00eb \u201cNe\u00ebs24\u201d ish-lideri histori u shpreh se mb\u00ebshtet protestat, pasi ato jan\u00eb legjitime dhe se qytetar\u00ebt po k\u00ebrkojn\u00eb mburoj\u00eb sociale. Ai shtpi se po t\u00eb ishte n\u00eb krye t\u00eb protest\u00ebs nuk do t\u00eb merrte leje, [&hellip;]<\/p>\n","protected":false},"author":2030,"featured_media":245114,"comment_status":"closed","ping_status":"closed","sticky":false,"template":"","format":"standard","meta":{"footnotes":""},"categories":[241,3366,5380,231,1454],"tags":[],"class_list":{"0":"post-245113","1":"post","2":"type-post","3":"status-publish","4":"format-standard","5":"has-post-thumbnail","7":"category-aktualitet","8":"category-koment","9":"category-kryesore","10":"category-lajme","11":"category-politike"},"_links":{"self":[{"href":"https:\/\/zjarr.tv\/sq\/wp-json\/wp\/v2\/posts\/245113","targetHints":{"allow":["GET"]}}],"collection":[{"href":"https:\/\/zjarr.tv\/sq\/wp-json\/wp\/v2\/posts"}],"about":[{"href":"https:\/\/zjarr.tv\/sq\/wp-json\/wp\/v2\/types\/post"}],"author":[{"embeddable":true,"href":"https:\/\/zjarr.tv\/sq\/wp-json\/wp\/v2\/users\/2030"}],"replies":[{"embeddable":true,"href":"https:\/\/zjarr.tv\/sq\/wp-json\/wp\/v2\/comments?post=245113"}],"version-history":[{"count":0,"href":"https:\/\/zjarr.tv\/sq\/wp-json\/wp\/v2\/posts\/245113\/revisions"}],"wp:featuredmedia":[{"embeddable":true,"href":"https:\/\/zjarr.tv\/sq\/wp-json\/wp\/v2\/media\/245114"}],"wp:attachment":[{"href":"https:\/\/zjarr.tv\/sq\/wp-json\/wp\/v2\/media?parent=245113"}],"wp:term":[{"taxonomy":"category","embeddable":true,"href":"https:\/\/zjarr.tv\/sq\/wp-json\/wp\/v2\/categories?post=245113"},{"taxonomy":"post_tag","embeddable":true,"href":"https:\/\/zjarr.tv\/sq\/wp-json\/wp\/v2\/tags?post=245113"}],"curies":[{"name":"wp","href":"https:\/\/api.w.org\/{rel}","templated":true}]}}