{"id":245117,"date":"2022-03-19T18:09:25","date_gmt":"2022-03-19T17:09:25","guid":{"rendered":"https:\/\/zjarr.tv\/?p=245117"},"modified":"2022-03-19T18:09:25","modified_gmt":"2022-03-19T17:09:25","slug":"do-te-qendrojme-ketu-gjithe-naten-protestuesja-para-kryeministrise-kam-mbetur-me-80-mije-leke-ne-muaj-nuk-duam-lemoshe-por-te-drejta","status":"publish","type":"post","link":"https:\/\/zjarr.tv\/sq\/do-te-qendrojme-ketu-gjithe-naten-protestuesja-para-kryeministrise-kam-mbetur-me-80-mije-leke-ne-muaj-nuk-duam-lemoshe-por-te-drejta\/","title":{"rendered":"\u201cDo t\u00eb q\u00ebndrojm\u00eb k\u00ebtu gjith\u00eb nat\u00ebn\u201d, protestuesja para kryeministris\u00eb: Kam mbetur me 80 mij\u00eb lek\u00eb n\u00eb muaj, nuk duam l\u00ebmosh\u00eb por t\u00eb drejta"},"content":{"rendered":"<p>Protesta e nisur dit\u00ebn e sotme n\u00eb or\u00ebn 11:00 vazhdon t\u00eb mbaj\u00eb t\u00ebgrumbulluar qytetar\u00ebt para kryeministris\u00eb t\u00eb cil\u00ebt kan\u00eb deklaruar se nuk l\u00ebvizin prej aty pa u marr\u00eb masa konkrete p\u00ebr uljen e \u00e7mimeve.<\/p>\n<p>N\u00eb nj\u00eb prononcim t\u00eb dh\u00ebn\u00eb p\u00ebr Fax News, nj\u00ebra prej protestueseve tha se nuk do t\u00eb l\u00ebvizte nga protesta dhe se do t\u00eb q\u00ebndronte edhe gjith\u00eb nat\u00ebn n\u00ebse do t\u00eb ishte nevoja. Nd\u00ebr shqet\u00ebsimet e shumta q\u00eb ajo kishte, zonja u shpreh se shtrenjtimi i \u00e7mimeve t\u00eb produkteve kishte ndikuar shum\u00eb keq n\u00eb ekonomin\u00eb familjare nd\u00ebrkoh\u00eb q\u00eb tha se shuma e vetme q\u00eb p\u00ebrfitonte n\u00eb muaj ishin 80 mij\u00eb lek\u00eb t\u00eb vjetra.<\/p>\n<p>\u201cDo t\u00eb q\u00ebndrojm\u00eb gjith\u00eb nat\u00ebn n\u00ebse do jet\u00eb nevoja. Un\u00eb me 150 mij\u00eb lek\u00eb vij v\u00ebrdall\u00eb me drita me uj\u00eb dhe me ngr\u00ebn\u00eb dhe p\u00ebr t\u00eb pir\u00eb. Mir\u00eb \u00e7mimet q\u00eb i kan\u00eb ngritur por edhe bashk\u00ebshortit tim 64 vje\u00e7 i kan\u00eb hequr kempin. Po imagjino sa ka si puna ime. Ka vite q\u00eb rrin\u00eb dosjet aty. Un\u00eb shkoj n\u00ebp\u00ebr zyra dhe m\u00eb nxjerrin p\u00ebrjasht\u00eb. Ne k\u00ebrkojm\u00eb t\u00eb drejt\u00eb jo l\u00ebmosh\u00eb. Ju them t\u00eb mos rrisin \u00e7mimet se kan\u00eb shkuar shum\u00eb. Nuk kemi si i p\u00ebrballojm\u00eb. Un\u00eb tani kam ngelur me 80 mij\u00eb lek\u00eb. Ne kemi besim t\u00eb plot\u00eb tek ju mediat, ngrijeni z\u00ebrin p\u00ebr ne\u201d\u2013 u shpreh protestuesja.<\/p>\n","protected":false},"excerpt":{"rendered":"<p>Protesta e nisur dit\u00ebn e sotme n\u00eb or\u00ebn 11:00 vazhdon t\u00eb mbaj\u00eb t\u00ebgrumbulluar qytetar\u00ebt para kryeministris\u00eb t\u00eb cil\u00ebt kan\u00eb deklaruar se nuk l\u00ebvizin prej aty pa u marr\u00eb masa konkrete p\u00ebr uljen e \u00e7mimeve. N\u00eb nj\u00eb prononcim t\u00eb dh\u00ebn\u00eb p\u00ebr Fax News, nj\u00ebra prej protestueseve tha se nuk do t\u00eb l\u00ebvizte nga protesta dhe se [&hellip;]<\/p>\n","protected":false},"author":2030,"featured_media":245118,"comment_status":"closed","ping_status":"closed","sticky":false,"template":"","format":"standard","meta":{"footnotes":""},"categories":[241,3366,5380,231],"tags":[],"class_list":{"0":"post-245117","1":"post","2":"type-post","3":"status-publish","4":"format-standard","5":"has-post-thumbnail","7":"category-aktualitet","8":"category-koment","9":"category-kryesore","10":"category-lajme"},"_links":{"self":[{"href":"https:\/\/zjarr.tv\/sq\/wp-json\/wp\/v2\/posts\/245117","targetHints":{"allow":["GET"]}}],"collection":[{"href":"https:\/\/zjarr.tv\/sq\/wp-json\/wp\/v2\/posts"}],"about":[{"href":"https:\/\/zjarr.tv\/sq\/wp-json\/wp\/v2\/types\/post"}],"author":[{"embeddable":true,"href":"https:\/\/zjarr.tv\/sq\/wp-json\/wp\/v2\/users\/2030"}],"replies":[{"embeddable":true,"href":"https:\/\/zjarr.tv\/sq\/wp-json\/wp\/v2\/comments?post=245117"}],"version-history":[{"count":0,"href":"https:\/\/zjarr.tv\/sq\/wp-json\/wp\/v2\/posts\/245117\/revisions"}],"wp:featuredmedia":[{"embeddable":true,"href":"https:\/\/zjarr.tv\/sq\/wp-json\/wp\/v2\/media\/245118"}],"wp:attachment":[{"href":"https:\/\/zjarr.tv\/sq\/wp-json\/wp\/v2\/media?parent=245117"}],"wp:term":[{"taxonomy":"category","embeddable":true,"href":"https:\/\/zjarr.tv\/sq\/wp-json\/wp\/v2\/categories?post=245117"},{"taxonomy":"post_tag","embeddable":true,"href":"https:\/\/zjarr.tv\/sq\/wp-json\/wp\/v2\/tags?post=245117"}],"curies":[{"name":"wp","href":"https:\/\/api.w.org\/{rel}","templated":true}]}}