{"id":245124,"date":"2022-03-19T18:18:55","date_gmt":"2022-03-19T17:18:55","guid":{"rendered":"https:\/\/zjarr.tv\/?p=245124"},"modified":"2022-03-19T18:18:55","modified_gmt":"2022-03-19T17:18:55","slug":"koha-e-shqiptareve-jo-e-zuzareve-i-riu-ne-karroce-me-rrota-ju-ne-kafe-tju-vije-turp","status":"publish","type":"post","link":"https:\/\/zjarr.tv\/sq\/koha-e-shqiptareve-jo-e-zuzareve-i-riu-ne-karroce-me-rrota-ju-ne-kafe-tju-vije-turp\/","title":{"rendered":"\u201cKoha e shqiptar\u00ebve, jo e zuzar\u00ebve!\u201d\/ I riu n\u00eb karroc\u00eb me rrota: Ju n\u00eb kafe t\u2019ju vij\u00eb turp"},"content":{"rendered":"<p>P\u00ebrfaq\u00ebsues t\u00eb personave me aft\u00ebsi t\u00eb kufizuar u b\u00ebn\u00eb edhe sot pjes\u00eb e protest\u00eb mbar\u00ebkomb\u00ebtare kund\u00ebr rritjes s\u00eb \u00e7mimeve.<\/p>\n<p>Flamur Bala udh\u00ebtoi s\u00ebrish sot nga Durr\u00ebsi n\u00eb Tiran\u00eb me karroc\u00ebn e tij me rrota.<\/p>\n<p>Para Kryeministris\u00eb ai u t\u00ebrhoqi v\u00ebmendjen qytetar\u00ebve q\u00eb zgjedhin t\u00eb q\u00ebndrojn\u00eb n\u00eb kafe dhe nuk ngrejn\u00eb z\u00ebri\u00a0 p\u00ebr t\u00eb problemet e tyre.<\/p>\n<p>\u201cJu p\u00ebrsh\u00ebndes dhe ju q\u00eb jeni n\u00eb kafe dhe nuk ju vjen turp q\u00eb nuk jeni k\u00ebtu, ju p\u00ebrsh\u00ebdnes dhe ju q\u00eb jeni b\u00ebr\u00eb militant\u00ebt dhe nuk \u00e7oheni p\u00ebr parimet tuaja. Pse nuk jeni k\u00ebtu me ne? A nuk i shikoni \u00e7mimet ku kan\u00eb shkuar, \u00e7mimin e naft\u00ebs ku \u00ebsht\u00eb? Ky mashtrues q\u00eb erdhi p\u00ebr 300 mij\u00eb vende pune dhe p\u00ebrzuri 500 mij\u00eb. Hajdeni t\u00eb gjith\u00eb k\u00ebtu, sot do jemi 24 or\u00eb. Un\u00eb kam ardhur nga Durr\u00ebsi me karroc\u00eb pavar\u00ebsisht se ve\u00e7 kufizimeve fizike kam dhe probleme t\u00eb tjera sh\u00ebndet\u00ebsore. Por kjo nuk m\u00eb pengon t\u00eb jem k\u00ebtu se e ndjej p\u00ebr vete dhe familjen, un\u00eb vi k\u00ebtu p\u00ebr \u00e7do t\u00eb varf\u00ebr se e di q\u00eb nuk ka z\u00eb. Shoq\u00ebria \u00ebsht\u00eb n\u00eb depresion.Sot \u00ebsht\u00eb koha jon\u00eb, koha e rinis\u00eb, koha e shqiptar\u00ebve jo e zuzar\u00ebve\u201d.<\/p>\n","protected":false},"excerpt":{"rendered":"<p>P\u00ebrfaq\u00ebsues t\u00eb personave me aft\u00ebsi t\u00eb kufizuar u b\u00ebn\u00eb edhe sot pjes\u00eb e protest\u00eb mbar\u00ebkomb\u00ebtare kund\u00ebr rritjes s\u00eb \u00e7mimeve. Flamur Bala udh\u00ebtoi s\u00ebrish sot nga Durr\u00ebsi n\u00eb Tiran\u00eb me karroc\u00ebn e tij me rrota. Para Kryeministris\u00eb ai u t\u00ebrhoqi v\u00ebmendjen qytetar\u00ebve q\u00eb zgjedhin t\u00eb q\u00ebndrojn\u00eb n\u00eb kafe dhe nuk ngrejn\u00eb z\u00ebri\u00a0 p\u00ebr t\u00eb problemet e [&hellip;]<\/p>\n","protected":false},"author":2030,"featured_media":245125,"comment_status":"closed","ping_status":"closed","sticky":false,"template":"","format":"standard","meta":{"footnotes":""},"categories":[241,3366,5380,231],"tags":[],"class_list":{"0":"post-245124","1":"post","2":"type-post","3":"status-publish","4":"format-standard","5":"has-post-thumbnail","7":"category-aktualitet","8":"category-koment","9":"category-kryesore","10":"category-lajme"},"_links":{"self":[{"href":"https:\/\/zjarr.tv\/sq\/wp-json\/wp\/v2\/posts\/245124","targetHints":{"allow":["GET"]}}],"collection":[{"href":"https:\/\/zjarr.tv\/sq\/wp-json\/wp\/v2\/posts"}],"about":[{"href":"https:\/\/zjarr.tv\/sq\/wp-json\/wp\/v2\/types\/post"}],"author":[{"embeddable":true,"href":"https:\/\/zjarr.tv\/sq\/wp-json\/wp\/v2\/users\/2030"}],"replies":[{"embeddable":true,"href":"https:\/\/zjarr.tv\/sq\/wp-json\/wp\/v2\/comments?post=245124"}],"version-history":[{"count":0,"href":"https:\/\/zjarr.tv\/sq\/wp-json\/wp\/v2\/posts\/245124\/revisions"}],"wp:featuredmedia":[{"embeddable":true,"href":"https:\/\/zjarr.tv\/sq\/wp-json\/wp\/v2\/media\/245125"}],"wp:attachment":[{"href":"https:\/\/zjarr.tv\/sq\/wp-json\/wp\/v2\/media?parent=245124"}],"wp:term":[{"taxonomy":"category","embeddable":true,"href":"https:\/\/zjarr.tv\/sq\/wp-json\/wp\/v2\/categories?post=245124"},{"taxonomy":"post_tag","embeddable":true,"href":"https:\/\/zjarr.tv\/sq\/wp-json\/wp\/v2\/tags?post=245124"}],"curies":[{"name":"wp","href":"https:\/\/api.w.org\/{rel}","templated":true}]}}