{"id":245616,"date":"2022-03-21T23:43:00","date_gmt":"2022-03-21T22:43:00","guid":{"rendered":"https:\/\/zjarr.tv\/?p=245616"},"modified":"2022-03-21T23:43:00","modified_gmt":"2022-03-21T22:43:00","slug":"analisti-sulmon-bashen-iu-nenshtrua-ambasades-amerikane-pd-duhet-te-shpetoje-nga-kurthi-i-bashizmit","status":"publish","type":"post","link":"https:\/\/zjarr.tv\/sq\/analisti-sulmon-bashen-iu-nenshtrua-ambasades-amerikane-pd-duhet-te-shpetoje-nga-kurthi-i-bashizmit\/","title":{"rendered":"Analisti sulmon Bash\u00ebn: Iu n\u00ebnshtrua Ambasad\u00ebs Amerikane! PD duhet t\u00eb shp\u00ebtoj\u00eb nga kurthi i Bashizmit"},"content":{"rendered":"<p>Analisti Arian Curri e ka cil\u00ebsuar Lulzim Bash\u00ebn nj\u00eb person t\u00eb dob\u00ebt, i cili iu n\u00ebnshtrua dominanc\u00ebs s\u00eb ambasad\u00ebs amerikane. <\/p>\n<p>Sipas tij, elektorati nuk ia fali Bash\u00ebs pozicionin e t\u00eb domunuarit, ndaj e nd\u00ebshkoi edhe me vot\u00eb. Curri tha se n\u00ebse Basha do ta kishte larguar Berish\u00ebn para nd\u00ebrhyrjes s\u00eb ambasadores amerikane, do t\u00eb merrej si nj\u00eb lidership dominant, nd\u00ebrsa shtoi se PD duhet t\u00eb dal\u00eb nga kurthi I Bashizmit. <\/p>\n<p>\u201cE thot\u00eb Hegeli, n\u00ebse personi nuk arrin t\u00eb dominoj\u00eb, p\u00ebr t\u00eb mbijetuar futet n\u00eb rolin e t\u00eb dominuarit. Berishizmi \u00ebsht\u00eb dominance aktualisht. Aty ku ai mendoi se shp\u00ebtoi nga dominanca e Berish\u00ebs iu n\u00ebnshtrua dominanc\u00ebs s\u00eb Ambasad\u00ebs Amerikane. Elektorati nuk ta fal pozicionin e t\u00eb dominuarit. PD duhet t\u00eb dal\u00eb nga kurthi i Bashizmit. Eletorati duhet t\u00eb reagoj\u00eb dhe PD t\u00eb ringrihet me nj\u00eb rehabilitim t\u00eb thell\u00eb\u201d, tha Curri n\u00eb Syri Tv.<\/p>\n","protected":false},"excerpt":{"rendered":"<p>Analisti Arian Curri e ka cil\u00ebsuar Lulzim Bash\u00ebn nj\u00eb person t\u00eb dob\u00ebt, i cili iu n\u00ebnshtrua dominanc\u00ebs s\u00eb ambasad\u00ebs amerikane. Sipas tij, elektorati nuk ia fali Bash\u00ebs pozicionin e t\u00eb domunuarit, ndaj e nd\u00ebshkoi edhe me vot\u00eb. Curri tha se n\u00ebse Basha do ta kishte larguar Berish\u00ebn para nd\u00ebrhyrjes s\u00eb ambasadores amerikane, do t\u00eb merrej [&hellip;]<\/p>\n","protected":false},"author":2031,"featured_media":189934,"comment_status":"closed","ping_status":"closed","sticky":false,"template":"","format":"standard","meta":{"footnotes":""},"categories":[231],"tags":[],"class_list":{"0":"post-245616","1":"post","2":"type-post","3":"status-publish","4":"format-standard","5":"has-post-thumbnail","7":"category-lajme"},"_links":{"self":[{"href":"https:\/\/zjarr.tv\/sq\/wp-json\/wp\/v2\/posts\/245616","targetHints":{"allow":["GET"]}}],"collection":[{"href":"https:\/\/zjarr.tv\/sq\/wp-json\/wp\/v2\/posts"}],"about":[{"href":"https:\/\/zjarr.tv\/sq\/wp-json\/wp\/v2\/types\/post"}],"author":[{"embeddable":true,"href":"https:\/\/zjarr.tv\/sq\/wp-json\/wp\/v2\/users\/2031"}],"replies":[{"embeddable":true,"href":"https:\/\/zjarr.tv\/sq\/wp-json\/wp\/v2\/comments?post=245616"}],"version-history":[{"count":0,"href":"https:\/\/zjarr.tv\/sq\/wp-json\/wp\/v2\/posts\/245616\/revisions"}],"wp:featuredmedia":[{"embeddable":true,"href":"https:\/\/zjarr.tv\/sq\/wp-json\/wp\/v2\/media\/189934"}],"wp:attachment":[{"href":"https:\/\/zjarr.tv\/sq\/wp-json\/wp\/v2\/media?parent=245616"}],"wp:term":[{"taxonomy":"category","embeddable":true,"href":"https:\/\/zjarr.tv\/sq\/wp-json\/wp\/v2\/categories?post=245616"},{"taxonomy":"post_tag","embeddable":true,"href":"https:\/\/zjarr.tv\/sq\/wp-json\/wp\/v2\/tags?post=245616"}],"curies":[{"name":"wp","href":"https:\/\/api.w.org\/{rel}","templated":true}]}}