{"id":245621,"date":"2022-03-22T00:11:55","date_gmt":"2022-03-21T23:11:55","guid":{"rendered":"https:\/\/zjarr.tv\/?p=245621"},"modified":"2022-03-22T00:11:55","modified_gmt":"2022-03-21T23:11:55","slug":"e-zbulon-analisti-keta-jane-dy-socialistet-qe-u-merziten-me-shume-pas-doreheqjes-se-lulzim-bashes","status":"publish","type":"post","link":"https:\/\/zjarr.tv\/sq\/e-zbulon-analisti-keta-jane-dy-socialistet-qe-u-merziten-me-shume-pas-doreheqjes-se-lulzim-bashes\/","title":{"rendered":"E zbulon analisti: K\u00ebta jan\u00eb dy socialist\u00ebt q\u00eb u m\u00ebrzit\u00ebn m\u00eb shum\u00eb pas dor\u00ebheqjes s\u00eb Lulzim Bash\u00ebs"},"content":{"rendered":"<p>Analisti Lorenc Vangjeli \u00ebsht\u00eb shprehur se dy personazhet politik\u00eb q\u00eb u m\u00ebrzit\u00ebn m\u00eb shum\u00eb pas dor\u00ebheqjes s\u00eb Lulzim Bash\u00ebs jan\u00eb Edi Rama dhe Elisa Spiropali. <\/p>\n<p>Sipas tij, Rama u m\u00ebrzit p\u00ebr faktin se donte q\u00eb Basha dhe Berisha t\u00eb ishin n\u00eb betej\u00eb me nj\u00ebri tjetrin, n\u00eb m\u00ebnyr\u00eb q\u00eb ta kishte m\u00eb t\u00eb leht\u00eb p\u00ebrballjen me Partin\u00eb Demokratike, nd\u00ebrsa p\u00ebr Spiropalin tha me ironi se p\u00ebrballjen me Bash\u00ebn e kishte marr\u00eb si pun\u00eb me koh\u00eb t\u00eb plot\u00eb.<\/p>\n<p>\u201cN\u00eb t\u00eb gjith\u00eb k\u00ebt\u00eb q\u00eb ka ndodhur ka patur dy personazhe t\u00eb trishtruar n\u00eb Tiran\u00eb, i pari \u00ebsht\u00eb Rama. Rama sepse u zgjidh nj\u00eb pjes\u00eb e ekuacionit, atij i duhej t\u00eb ishte edhe Basha edhe Berisha. E m\u00ebrzituar e dyt\u00eb \u00ebsht\u00eb zonja Spiropali e cila e kishte marr\u00eb si pun\u00eb me koh\u00eb t\u00eb plot\u00eb, por jo seriozisht\u201d, tha Vangjeli.<\/p>\n","protected":false},"excerpt":{"rendered":"<p>Analisti Lorenc Vangjeli \u00ebsht\u00eb shprehur se dy personazhet politik\u00eb q\u00eb u m\u00ebrzit\u00ebn m\u00eb shum\u00eb pas dor\u00ebheqjes s\u00eb Lulzim Bash\u00ebs jan\u00eb Edi Rama dhe Elisa Spiropali. Sipas tij, Rama u m\u00ebrzit p\u00ebr faktin se donte q\u00eb Basha dhe Berisha t\u00eb ishin n\u00eb betej\u00eb me nj\u00ebri tjetrin, n\u00eb m\u00ebnyr\u00eb q\u00eb ta kishte m\u00eb t\u00eb leht\u00eb p\u00ebrballjen me [&hellip;]<\/p>\n","protected":false},"author":2031,"featured_media":159120,"comment_status":"closed","ping_status":"closed","sticky":false,"template":"","format":"standard","meta":{"footnotes":""},"categories":[231],"tags":[],"class_list":{"0":"post-245621","1":"post","2":"type-post","3":"status-publish","4":"format-standard","5":"has-post-thumbnail","7":"category-lajme"},"_links":{"self":[{"href":"https:\/\/zjarr.tv\/sq\/wp-json\/wp\/v2\/posts\/245621","targetHints":{"allow":["GET"]}}],"collection":[{"href":"https:\/\/zjarr.tv\/sq\/wp-json\/wp\/v2\/posts"}],"about":[{"href":"https:\/\/zjarr.tv\/sq\/wp-json\/wp\/v2\/types\/post"}],"author":[{"embeddable":true,"href":"https:\/\/zjarr.tv\/sq\/wp-json\/wp\/v2\/users\/2031"}],"replies":[{"embeddable":true,"href":"https:\/\/zjarr.tv\/sq\/wp-json\/wp\/v2\/comments?post=245621"}],"version-history":[{"count":0,"href":"https:\/\/zjarr.tv\/sq\/wp-json\/wp\/v2\/posts\/245621\/revisions"}],"wp:featuredmedia":[{"embeddable":true,"href":"https:\/\/zjarr.tv\/sq\/wp-json\/wp\/v2\/media\/159120"}],"wp:attachment":[{"href":"https:\/\/zjarr.tv\/sq\/wp-json\/wp\/v2\/media?parent=245621"}],"wp:term":[{"taxonomy":"category","embeddable":true,"href":"https:\/\/zjarr.tv\/sq\/wp-json\/wp\/v2\/categories?post=245621"},{"taxonomy":"post_tag","embeddable":true,"href":"https:\/\/zjarr.tv\/sq\/wp-json\/wp\/v2\/tags?post=245621"}],"curies":[{"name":"wp","href":"https:\/\/api.w.org\/{rel}","templated":true}]}}