{"id":245673,"date":"2022-03-22T10:53:44","date_gmt":"2022-03-22T09:53:44","guid":{"rendered":"https:\/\/zjarr.tv\/?p=245673"},"modified":"2022-03-22T10:53:44","modified_gmt":"2022-03-22T09:53:44","slug":"grupi-parlamentar-i-pd-thirrje-komisionit-te-rithemelimit-largoni-berishen-dhe-nisim-punen-per-bashkimin-e-partise","status":"publish","type":"post","link":"https:\/\/zjarr.tv\/sq\/grupi-parlamentar-i-pd-thirrje-komisionit-te-rithemelimit-largoni-berishen-dhe-nisim-punen-per-bashkimin-e-partise\/","title":{"rendered":"Grupi Parlamentar i PD thirrje Komisionit t\u00eb Rithemelimit: Largoni Berish\u00ebn dhe nisim pun\u00ebn p\u00ebr bashkimin e partis\u00eb"},"content":{"rendered":"<p>Grupi parlamentar i PD vler\u00ebson aktin e dor\u00ebhehqjes s\u00eb Lulzim Bash\u00ebs nga posti i kryetarit.<\/p>\n<p>Deputetet shprehin gatishm\u00ebrin\u00eb p\u00ebr t\u00eb negociuar me an\u00ebtar\u00ebt e pezulluar t\u00eb grupit parlamentar, duke u b\u00ebr\u00eb thirrje q\u00eb t\u00eb veprojn\u00eb me t\u00eb nj\u00ebtin mekaniz\u00ebm dhe t\u00eb largojn\u00eb Sali Berish\u00ebn p\u00ebr t\u2019i hapur rrug\u00eb bashkimit t\u00eb partis\u00eb.<\/p>\n<p>REAGIMI:<\/p>\n<p>1-Grupi parlamentar i PD vler\u00ebson aktin e doreheqjes se kryetarit te PD ne funksion te zgjdhjes se problematik\u00ebs, qe ka shkaktuar nje p\u00ebr\u00e7arje t\u00eb thell\u00eb nga qendra n\u00eb baz\u00eb.<\/p>\n<p>2-Grupi parlamentar i ben thirrje an\u00ebtar\u00ebve t\u00eb pezulluar t\u00eb grupit t\u00eb PD q\u00eb t\u00eb ofrojn\u00eb t\u00eb nj\u00ebjtin mekanzi\u00ebm p\u00ebr t\u00ebrheqjen e zotit Berisha, q\u00eb duhet t\u00eb distancohet nga vendimarrja n\u00eb PD, duke u b\u00ebr\u00eb pjes\u00eb e zgjidhjes p\u00ebr t\u00eb shmangur p\u00ebr\u00e7arjen dhe p\u00ebr t\u00eb b\u00ebr\u00eb t\u00eb mundur bashkimin e demokrat\u00ebve. K\u00ebrkojm\u00eb respektimin e vlerave dhe parimeve statutore t\u00eb PD p\u00ebr shmangien e pasojave t\u00eb deklaruara publikisht nga SHBA.<\/p>\n<p>3-Grupi parlamentar shpreh gatishmerine per te negociauar me anetaret e pezulluar te grupit parlamentar per te fjetur nje zgjidhje te pranueshme per t\u2019i hapur rruge bashkimit. Grupi ngarkon strukturat pergjegjese per te pranuar nje grup te epp per te lehtesuar ndermjetesimin.<\/p>\n<p>4-Grupi vlereson se pas dakordesise i hapet rruga per:<\/p>\n<p>A-Ndermarjen e nje fushate ndergjegjesuese ne baze per bashkim<\/p>\n<p>B-Pergatitjen e partise per zgjedhjet lokale<\/p>\n<p>C- Pergatitjen e kushteve te nevojshme per zgjedhje menjehre pas zgjedhjeve lokale<\/p>\n","protected":false},"excerpt":{"rendered":"<p>Grupi parlamentar i PD vler\u00ebson aktin e dor\u00ebhehqjes s\u00eb Lulzim Bash\u00ebs nga posti i kryetarit. Deputetet shprehin gatishm\u00ebrin\u00eb p\u00ebr t\u00eb negociuar me an\u00ebtar\u00ebt e pezulluar t\u00eb grupit parlamentar, duke u b\u00ebr\u00eb thirrje q\u00eb t\u00eb veprojn\u00eb me t\u00eb nj\u00ebtin mekaniz\u00ebm dhe t\u00eb largojn\u00eb Sali Berish\u00ebn p\u00ebr t\u2019i hapur rrug\u00eb bashkimit t\u00eb partis\u00eb. REAGIMI: 1-Grupi parlamentar i [&hellip;]<\/p>\n","protected":false},"author":2030,"featured_media":245674,"comment_status":"closed","ping_status":"closed","sticky":false,"template":"","format":"standard","meta":{"footnotes":""},"categories":[241,5380,231,1454],"tags":[],"class_list":{"0":"post-245673","1":"post","2":"type-post","3":"status-publish","4":"format-standard","5":"has-post-thumbnail","7":"category-aktualitet","8":"category-kryesore","9":"category-lajme","10":"category-politike"},"_links":{"self":[{"href":"https:\/\/zjarr.tv\/sq\/wp-json\/wp\/v2\/posts\/245673","targetHints":{"allow":["GET"]}}],"collection":[{"href":"https:\/\/zjarr.tv\/sq\/wp-json\/wp\/v2\/posts"}],"about":[{"href":"https:\/\/zjarr.tv\/sq\/wp-json\/wp\/v2\/types\/post"}],"author":[{"embeddable":true,"href":"https:\/\/zjarr.tv\/sq\/wp-json\/wp\/v2\/users\/2030"}],"replies":[{"embeddable":true,"href":"https:\/\/zjarr.tv\/sq\/wp-json\/wp\/v2\/comments?post=245673"}],"version-history":[{"count":0,"href":"https:\/\/zjarr.tv\/sq\/wp-json\/wp\/v2\/posts\/245673\/revisions"}],"wp:featuredmedia":[{"embeddable":true,"href":"https:\/\/zjarr.tv\/sq\/wp-json\/wp\/v2\/media\/245674"}],"wp:attachment":[{"href":"https:\/\/zjarr.tv\/sq\/wp-json\/wp\/v2\/media?parent=245673"}],"wp:term":[{"taxonomy":"category","embeddable":true,"href":"https:\/\/zjarr.tv\/sq\/wp-json\/wp\/v2\/categories?post=245673"},{"taxonomy":"post_tag","embeddable":true,"href":"https:\/\/zjarr.tv\/sq\/wp-json\/wp\/v2\/tags?post=245673"}],"curies":[{"name":"wp","href":"https:\/\/api.w.org\/{rel}","templated":true}]}}