{"id":246075,"date":"2022-03-23T15:50:38","date_gmt":"2022-03-23T14:50:38","guid":{"rendered":"https:\/\/zjarr.tv\/?p=246075"},"modified":"2022-03-23T15:50:38","modified_gmt":"2022-03-23T14:50:38","slug":"zheji-del-me-parashikimin-e-forte-tregon-cfare-do-ndodhe-ne-pd-dhe-levizjen-qe-do-beje-berisha","status":"publish","type":"post","link":"https:\/\/zjarr.tv\/sq\/zheji-del-me-parashikimin-e-forte-tregon-cfare-do-ndodhe-ne-pd-dhe-levizjen-qe-do-beje-berisha\/","title":{"rendered":"Zheji del me parashikimin e fort\u00eb, tregon \u00e7far\u00eb do ndodh\u00eb n\u00eb PD dhe l\u00ebvizjen q\u00eb do b\u00ebj\u00eb Berisha"},"content":{"rendered":"<p>Analisti Artur Zheji ka komentuar deklaratat e ish-kryeministrit Sali Berisha dhe situat\u00ebn n\u00eb PD, ku tha se i q\u00ebndron asaj q\u00eb grupi i PD-s\u00eb q\u00eb nuk e njeh z. Berisha, nuk do shkoj\u00eb i thirrur, por do pretendoj\u00eb t\u00eb ket\u00eb nj\u00eb procedur\u00eb, nj\u00eb form\u00eb bashkimi me identitet.<\/p>\n<p>Komenti i Zhejit:<\/p>\n<p>\u201cBerisha nuk kthehet m\u00eb n\u00eb pension. Do ndahen. Do vij\u00eb 2023, do shikohet se cila cop\u00eb do marr\u00eb m\u00eb shum\u00eb. Do ket\u00eb o ikje tek copa e Berish\u00ebs, o ikje tek copa nga PD-ja. Sukses q\u00eb Berisha t\u00eb dor\u00ebhiqet nga sfida m\u00eb duket e pabesueshme.<\/p>\n<p>Situata sizmik n\u00eb PD vijon t\u00eb jet\u00eb turbulente. Nuk mendoj se deklarata e z. Berisha ndihmon n\u00eb k\u00ebt\u00eb gj\u00eb. Ai tha q\u00eb \u00e7do deputet \u00ebsht\u00eb i thirrur, dmth le t\u00eb vij\u00eb, dera \u00ebsht\u00eb e hapur. T\u00eb gjith\u00eb eksponent\u00ebt e Foltores n\u00ebp\u00ebr studiot televizive i b\u00ebjn\u00eb jehon\u00eb k\u00ebsaj esence. Dera \u00ebsht\u00eb e hapur, do ket\u00eb dashamir\u00ebsi. P\u00ebr t\u00eb p\u00ebrforcuar fraz\u00ebn e par\u00eb ai thot\u00eb nuk ka dy grupe parlamentare, pra ka vet\u00ebm nj\u00eb grup, \u00ebsht\u00eb grupi q\u00eb drejton ai. Pra, nuk njeh ekzistenc\u00ebn e pal\u00ebve. Kan\u00eb akoma iluzione se do ket\u00eb nj\u00eb grup identitar q\u00eb \u00ebsht\u00eb ky grupi q\u00eb reziston n\u00eb m\u00ebnyr\u00eb iluzive.<\/p>\n<p>Nuk tha Lulzim brava, por Lulzim Basha. Tha pla\u00e7k\u00eb tregu, me ngjyr\u00ebn e marazit q\u00eb atij nuk i tretet kollaj. Th\u00ebn\u00eb kjo, un\u00eb i q\u00ebndroj asaj q\u00eb n\u00eb qoft\u00eb se grupi i PD-s\u00eb q\u00eb nuk e njeh z. Berisha, por q\u00eb ekziston, q\u00eb ka z. Alibeaj t\u00eb komanduar kryetar, nuk do shkoj\u00eb i thirrur, por do pretendoj\u00eb t\u00eb ket\u00eb nj\u00eb procedur\u00eb, nj\u00eb form\u00eb bashkimi me identiteti, ose do ket\u00eb ndarje. Ai nuk \u00ebsht\u00eb gati t\u00eb jap\u00eb dor\u00ebheqjen q\u00eb t\u00eb bashkoj\u00eb partin\u00eb.\u201d-shprehet Zheji.<\/p>\n","protected":false},"excerpt":{"rendered":"<p>Analisti Artur Zheji ka komentuar deklaratat e ish-kryeministrit Sali Berisha dhe situat\u00ebn n\u00eb PD, ku tha se i q\u00ebndron asaj q\u00eb grupi i PD-s\u00eb q\u00eb nuk e njeh z. Berisha, nuk do shkoj\u00eb i thirrur, por do pretendoj\u00eb t\u00eb ket\u00eb nj\u00eb procedur\u00eb, nj\u00eb form\u00eb bashkimi me identitet. Komenti i Zhejit: \u201cBerisha nuk kthehet m\u00eb n\u00eb [&hellip;]<\/p>\n","protected":false},"author":2020,"featured_media":246076,"comment_status":"closed","ping_status":"closed","sticky":false,"template":"","format":"standard","meta":{"footnotes":""},"categories":[241,5380,231],"tags":[],"class_list":{"0":"post-246075","1":"post","2":"type-post","3":"status-publish","4":"format-standard","5":"has-post-thumbnail","7":"category-aktualitet","8":"category-kryesore","9":"category-lajme"},"_links":{"self":[{"href":"https:\/\/zjarr.tv\/sq\/wp-json\/wp\/v2\/posts\/246075","targetHints":{"allow":["GET"]}}],"collection":[{"href":"https:\/\/zjarr.tv\/sq\/wp-json\/wp\/v2\/posts"}],"about":[{"href":"https:\/\/zjarr.tv\/sq\/wp-json\/wp\/v2\/types\/post"}],"author":[{"embeddable":true,"href":"https:\/\/zjarr.tv\/sq\/wp-json\/wp\/v2\/users\/2020"}],"replies":[{"embeddable":true,"href":"https:\/\/zjarr.tv\/sq\/wp-json\/wp\/v2\/comments?post=246075"}],"version-history":[{"count":0,"href":"https:\/\/zjarr.tv\/sq\/wp-json\/wp\/v2\/posts\/246075\/revisions"}],"wp:featuredmedia":[{"embeddable":true,"href":"https:\/\/zjarr.tv\/sq\/wp-json\/wp\/v2\/media\/246076"}],"wp:attachment":[{"href":"https:\/\/zjarr.tv\/sq\/wp-json\/wp\/v2\/media?parent=246075"}],"wp:term":[{"taxonomy":"category","embeddable":true,"href":"https:\/\/zjarr.tv\/sq\/wp-json\/wp\/v2\/categories?post=246075"},{"taxonomy":"post_tag","embeddable":true,"href":"https:\/\/zjarr.tv\/sq\/wp-json\/wp\/v2\/tags?post=246075"}],"curies":[{"name":"wp","href":"https:\/\/api.w.org\/{rel}","templated":true}]}}