{"id":246088,"date":"2022-03-23T17:30:37","date_gmt":"2022-03-23T16:30:37","guid":{"rendered":"https:\/\/zjarr.tv\/?p=246088"},"modified":"2022-03-23T17:30:37","modified_gmt":"2022-03-23T16:30:37","slug":"eksperti-i-ushqimit-jep-alarmin-mos-hani-as-veze-e-as-mish-pule-per-1-muaj","status":"publish","type":"post","link":"https:\/\/zjarr.tv\/sq\/eksperti-i-ushqimit-jep-alarmin-mos-hani-as-veze-e-as-mish-pule-per-1-muaj\/","title":{"rendered":"Eksperti i ushqimit jep alarmin: Mos hani as vez\u00eb e as mish pule p\u00ebr 1 muaj"},"content":{"rendered":"<p>Eksperti i ushqimit, Abdyl Sinani, ka folur m\u00ebngjesin esot\u00ebm lidhur me gripin e pulave, pas ngordhjes masive t\u00eb tyre.<\/p>\n<p>Sinani u k\u00ebrkoi qytetar\u00ebve q\u00eb p\u00ebr nj\u00eb periudh\u00eb kohore nj\u00eb muaj mos konsumojn\u00eb mishin dhe vez\u00ebt e pul\u00ebs.<\/p>\n<p>\u201cVirusi nuk p\u00ebrhapet vet\u00ebm nga pularit\u00eb, por nga shpend\u00ebt q\u00eb jan\u00eb n\u00eb aj\u00ebr, ata e p\u00ebrhapin me shpejt\u00ebsi t\u00eb madhe. E kan\u00eb p\u00ebrhapur p\u00ebrmes ajrit, fe\u00e7eve t\u00eb tyre, dhe prandaj po infektohet i gjith\u00eb vendi.<\/p>\n<p>S\u00eb bashku me AKU t\u00eb gjith\u00eb pularit\u00eb q\u00eb kan\u00eb nj\u00eb pjes\u00eb pulash q\u00eb kan\u00eb ngordhur ku dhe nj\u00eb pjes\u00eb pulash jan\u00eb therur dhe kan\u00eb kaluar n\u00eb frigorifer. Duhet detyrimisht t\u00eb futtet n\u00eb 4 grad\u00eb, se p\u00ebrndryshe nuk duhet t\u00eb lejohen.<\/p>\n<p>Vez\u00ebt jan\u00eb prodhuar, secili nga ju t\u00eb \u00e7aj\u00eb nj\u00eb vez\u00eb, dhe n\u00ebse l\u00ebngu i vez\u00ebs \u00ebsht\u00eb i ngjitur me t\u00eb verdh\u00ebn, pra nuk \u00ebsht\u00eb i l\u00ebngsh\u00ebm, at\u00ebher\u00eb kjo \u00ebsht\u00eb n\u00eb rregull kjo vez\u00eb, por n\u00eb k\u00ebt\u00eb situat\u00eb q\u00eb jemi, me k\u00ebt\u00eb s\u00ebmundje q\u00eb \u00ebsht\u00eb tani, asnj\u00eb vesh nuk do konsumohet. N\u00eb k\u00ebt\u00eb rast duhet t\u2019i l\u00ebm\u00eb vez\u00ebt fare,\u201d tha ai n\u00eb Wake Up.<\/p>\n","protected":false},"excerpt":{"rendered":"<p>Eksperti i ushqimit, Abdyl Sinani, ka folur m\u00ebngjesin esot\u00ebm lidhur me gripin e pulave, pas ngordhjes masive t\u00eb tyre. Sinani u k\u00ebrkoi qytetar\u00ebve q\u00eb p\u00ebr nj\u00eb periudh\u00eb kohore nj\u00eb muaj mos konsumojn\u00eb mishin dhe vez\u00ebt e pul\u00ebs. \u201cVirusi nuk p\u00ebrhapet vet\u00ebm nga pularit\u00eb, por nga shpend\u00ebt q\u00eb jan\u00eb n\u00eb aj\u00ebr, ata e p\u00ebrhapin me shpejt\u00ebsi [&hellip;]<\/p>\n","protected":false},"author":2030,"featured_media":246089,"comment_status":"closed","ping_status":"closed","sticky":false,"template":"","format":"standard","meta":{"footnotes":""},"categories":[241,3366,231],"tags":[],"class_list":{"0":"post-246088","1":"post","2":"type-post","3":"status-publish","4":"format-standard","5":"has-post-thumbnail","7":"category-aktualitet","8":"category-koment","9":"category-lajme"},"_links":{"self":[{"href":"https:\/\/zjarr.tv\/sq\/wp-json\/wp\/v2\/posts\/246088","targetHints":{"allow":["GET"]}}],"collection":[{"href":"https:\/\/zjarr.tv\/sq\/wp-json\/wp\/v2\/posts"}],"about":[{"href":"https:\/\/zjarr.tv\/sq\/wp-json\/wp\/v2\/types\/post"}],"author":[{"embeddable":true,"href":"https:\/\/zjarr.tv\/sq\/wp-json\/wp\/v2\/users\/2030"}],"replies":[{"embeddable":true,"href":"https:\/\/zjarr.tv\/sq\/wp-json\/wp\/v2\/comments?post=246088"}],"version-history":[{"count":0,"href":"https:\/\/zjarr.tv\/sq\/wp-json\/wp\/v2\/posts\/246088\/revisions"}],"wp:featuredmedia":[{"embeddable":true,"href":"https:\/\/zjarr.tv\/sq\/wp-json\/wp\/v2\/media\/246089"}],"wp:attachment":[{"href":"https:\/\/zjarr.tv\/sq\/wp-json\/wp\/v2\/media?parent=246088"}],"wp:term":[{"taxonomy":"category","embeddable":true,"href":"https:\/\/zjarr.tv\/sq\/wp-json\/wp\/v2\/categories?post=246088"},{"taxonomy":"post_tag","embeddable":true,"href":"https:\/\/zjarr.tv\/sq\/wp-json\/wp\/v2\/tags?post=246088"}],"curies":[{"name":"wp","href":"https:\/\/api.w.org\/{rel}","templated":true}]}}