{"id":246092,"date":"2022-03-23T17:32:10","date_gmt":"2022-03-23T16:32:10","guid":{"rendered":"https:\/\/zjarr.tv\/?p=246092"},"modified":"2022-03-23T17:32:10","modified_gmt":"2022-03-23T16:32:10","slug":"cmimet-do-te-jene-te-larta-deri-ne-2023-guvernatori-sejko-pavaresisht-krizes-ekonomia-shqiptare-do-te-rritet","status":"publish","type":"post","link":"https:\/\/zjarr.tv\/sq\/cmimet-do-te-jene-te-larta-deri-ne-2023-guvernatori-sejko-pavaresisht-krizes-ekonomia-shqiptare-do-te-rritet\/","title":{"rendered":"\u201c\u00c7mimet do t\u00eb jen\u00eb t\u00eb larta deri n\u00eb 2023\u201d, Guvernatori Sejko: Pavar\u00ebsisht kriz\u00ebs, ekonomia shqiptare do t\u00eb rritet"},"content":{"rendered":"<p>Guverantori i Bank\u00ebs s\u00eb Shqip\u00ebris\u00eb, Gent Sejko ka dekkaruar k\u00ebt\u00eb t\u00eb m\u00ebrkur\u00eb se rritja e \u00e7mimeve t\u00eb produketeve baz\u00eb dhe t\u00eb l\u00ebnd\u00ebve t\u00eb para, do t\u00eb vazhdojn\u00eb deri n\u00eb vitin 2023.<\/p>\n<p>Sejko tha n\u00eb nj\u00eb konference p\u00ebr shtyp se pavar\u00ebsisht kriz\u00ebs globale, ekonomia shqiptare sipas tij do t\u00eb rritet p\u00ebrgjat\u00eb vitit 2022 dhe n\u00eb vijim.<\/p>\n<p>\u201cEkonomia shqiptare do t\u00eb vazhdoj\u00eb t\u00eb rritet gjat\u00eb vitit 2022 dhe n\u00eb vazhdim. Ky gjykim mb\u00ebshtetet n\u00eb supozimin e mos-p\u00ebrshkall\u00ebzimit t\u00eb m\u00ebtejsh\u00ebm t\u00eb konfliktit. Nga ana tjet\u00ebr K\u00ebshilli Mbik\u00ebqyr\u00ebs i Bank\u00ebs s\u00eb Shqip\u00ebris\u00eb vler\u00ebson se inflacioni do t\u00eb q\u00ebndroj\u00eb mbi objektivin edhe n\u00eb 2 vitet n\u00eb vazdhim.<\/p>\n<p>T\u00eb dh\u00ebnat q\u00eb vijn\u00eb nga tregjet nd\u00ebrkomb\u00ebtare tregojn\u00eb se \u00e7mimet do t\u00eb vazhdojn\u00eb t\u00eb mbeten t\u00eb larta edhe gjat\u00eb vitit 2022 dhe vitit 2023. P\u00ebrtej k\u00ebsaj situata ekonomia shquiptare ka shfaqur shenja t\u00eb qarta rimb\u00ebk\u00ebmbje\u201d, tha Sejko.<\/p>\n","protected":false},"excerpt":{"rendered":"<p>Guverantori i Bank\u00ebs s\u00eb Shqip\u00ebris\u00eb, Gent Sejko ka dekkaruar k\u00ebt\u00eb t\u00eb m\u00ebrkur\u00eb se rritja e \u00e7mimeve t\u00eb produketeve baz\u00eb dhe t\u00eb l\u00ebnd\u00ebve t\u00eb para, do t\u00eb vazhdojn\u00eb deri n\u00eb vitin 2023. Sejko tha n\u00eb nj\u00eb konference p\u00ebr shtyp se pavar\u00ebsisht kriz\u00ebs globale, ekonomia shqiptare sipas tij do t\u00eb rritet p\u00ebrgjat\u00eb vitit 2022 dhe n\u00eb vijim. [&hellip;]<\/p>\n","protected":false},"author":2030,"featured_media":246093,"comment_status":"closed","ping_status":"closed","sticky":false,"template":"","format":"standard","meta":{"footnotes":""},"categories":[241,3366,231],"tags":[],"class_list":{"0":"post-246092","1":"post","2":"type-post","3":"status-publish","4":"format-standard","5":"has-post-thumbnail","7":"category-aktualitet","8":"category-koment","9":"category-lajme"},"_links":{"self":[{"href":"https:\/\/zjarr.tv\/sq\/wp-json\/wp\/v2\/posts\/246092","targetHints":{"allow":["GET"]}}],"collection":[{"href":"https:\/\/zjarr.tv\/sq\/wp-json\/wp\/v2\/posts"}],"about":[{"href":"https:\/\/zjarr.tv\/sq\/wp-json\/wp\/v2\/types\/post"}],"author":[{"embeddable":true,"href":"https:\/\/zjarr.tv\/sq\/wp-json\/wp\/v2\/users\/2030"}],"replies":[{"embeddable":true,"href":"https:\/\/zjarr.tv\/sq\/wp-json\/wp\/v2\/comments?post=246092"}],"version-history":[{"count":0,"href":"https:\/\/zjarr.tv\/sq\/wp-json\/wp\/v2\/posts\/246092\/revisions"}],"wp:featuredmedia":[{"embeddable":true,"href":"https:\/\/zjarr.tv\/sq\/wp-json\/wp\/v2\/media\/246093"}],"wp:attachment":[{"href":"https:\/\/zjarr.tv\/sq\/wp-json\/wp\/v2\/media?parent=246092"}],"wp:term":[{"taxonomy":"category","embeddable":true,"href":"https:\/\/zjarr.tv\/sq\/wp-json\/wp\/v2\/categories?post=246092"},{"taxonomy":"post_tag","embeddable":true,"href":"https:\/\/zjarr.tv\/sq\/wp-json\/wp\/v2\/tags?post=246092"}],"curies":[{"name":"wp","href":"https:\/\/api.w.org\/{rel}","templated":true}]}}