{"id":246096,"date":"2022-03-23T17:33:42","date_gmt":"2022-03-23T16:33:42","guid":{"rendered":"https:\/\/zjarr.tv\/?p=246096"},"modified":"2022-03-23T17:33:42","modified_gmt":"2022-03-23T16:33:42","slug":"oltion-bistri-ne-krye-te-operacionales-emerohet-drejtori-i-ri-i-policise-se-lezhes","status":"publish","type":"post","link":"https:\/\/zjarr.tv\/sq\/oltion-bistri-ne-krye-te-operacionales-emerohet-drejtori-i-ri-i-policise-se-lezhes\/","title":{"rendered":"Oltion Bistri n\u00eb krye t\u00eb Operacionales, em\u00ebrohet drejtori i ri i Policis\u00eb s\u00eb Lezh\u00ebs"},"content":{"rendered":"<p>Vehbi Bushati, drejtor i Drejtoris\u00eb s\u00eb Standardeve Profesionale n\u00eb Policin\u00eb e Shetit, do t\u00eb jet\u00eb nga sot kryepolici i Lezh\u00ebs. Prezantimi i drejtorit t\u00eb ri t\u00eb DVP Lezh\u00eb \u00ebsht\u00eb b\u00ebr\u00eb mesdit\u00ebn e sotme nga nga n\u00ebn\/drejtori i Policis\u00eb s\u00eb Shtetit Albert Dervishaj, i cili ka vler\u00ebsuar kontributin e deritanish\u00ebm dhe profesionalizmin e Bushatit.<\/p>\n<p>Em\u00ebrimi i Vehbi Bushatit vjen pas largimit t\u00eb Oltion Bistrit, i cili me urdh\u00ebr t\u00eb Gledis Nanon mori n\u00eb \u201cdor\u00eb\u201d Forc\u00ebn Operacionale.<\/p>\n<p>Dervishaj ka theksuar se ishte besimplot\u00eb se Vehbi Bushati do t\u00eb p\u00ebrmbush\u00eb me sukses detyr\u00ebn si drejtues i Policis\u00eb s\u00eb Lezh\u00ebs, p\u00ebr parandalimin dhe goditjen e kultivimit t\u00eb bim\u00ebve narkotike, goditjen e trafiqeve t\u00eb paligjshme, parandalimin e krimeve kund\u00ebr personit dhe pron\u00ebs, kapjen e personave n\u00eb k\u00ebrkim dhe atyre q\u00eb qarkullojn\u00eb me arm\u00eb zjarri, si dhe t\u00eb \u00e7do paligjshm\u00ebrie tjet\u00ebr.<\/p>\n<p>Nd\u00ebrkoh\u00eb, vet\u00eb Bushati siguroi vart\u00ebsit se njohja dhe vler\u00ebsimi p\u00ebr ta do t\u00eb b\u00ebhet n\u00ebp\u00ebrmjet rezultateve n\u00eb pun\u00eb dhe performanc\u00ebs s\u00eb tyre n\u00eb komunitet. Ai k\u00ebrkoi nga secili prej t\u00eb pranishm\u00ebve, q\u00eb si\u00e7 do t\u00eb jet\u00eb e hapur dera e zyr\u00ebs s\u00eb tij p\u00ebr t\u00eb d\u00ebgjuar\u00a0 qytetar\u00ebt dhe t\u2019u sh\u00ebrbyer atyre, ashtu edhe ata, s\u00eb bashku me vart\u00ebsit e tyre duhet t\u00eb jen\u00eb t\u00eb angazhuar maksimalisht p\u00ebr t\u2019i sh\u00ebrbyer aleatit kryesor, qytetarit, me q\u00ebllim p\u00ebrmbushjen sa m\u00eb mir\u00eb t\u00eb misionit t\u00eb p\u00ebrbashk\u00ebt.<\/p>\n","protected":false},"excerpt":{"rendered":"<p>Vehbi Bushati, drejtor i Drejtoris\u00eb s\u00eb Standardeve Profesionale n\u00eb Policin\u00eb e Shetit, do t\u00eb jet\u00eb nga sot kryepolici i Lezh\u00ebs. Prezantimi i drejtorit t\u00eb ri t\u00eb DVP Lezh\u00eb \u00ebsht\u00eb b\u00ebr\u00eb mesdit\u00ebn e sotme nga nga n\u00ebn\/drejtori i Policis\u00eb s\u00eb Shtetit Albert Dervishaj, i cili ka vler\u00ebsuar kontributin e deritanish\u00ebm dhe profesionalizmin e Bushatit. Em\u00ebrimi i [&hellip;]<\/p>\n","protected":false},"author":2030,"featured_media":246097,"comment_status":"closed","ping_status":"closed","sticky":false,"template":"","format":"standard","meta":{"footnotes":""},"categories":[241,3366,5380,231],"tags":[],"class_list":{"0":"post-246096","1":"post","2":"type-post","3":"status-publish","4":"format-standard","5":"has-post-thumbnail","7":"category-aktualitet","8":"category-koment","9":"category-kryesore","10":"category-lajme"},"_links":{"self":[{"href":"https:\/\/zjarr.tv\/sq\/wp-json\/wp\/v2\/posts\/246096","targetHints":{"allow":["GET"]}}],"collection":[{"href":"https:\/\/zjarr.tv\/sq\/wp-json\/wp\/v2\/posts"}],"about":[{"href":"https:\/\/zjarr.tv\/sq\/wp-json\/wp\/v2\/types\/post"}],"author":[{"embeddable":true,"href":"https:\/\/zjarr.tv\/sq\/wp-json\/wp\/v2\/users\/2030"}],"replies":[{"embeddable":true,"href":"https:\/\/zjarr.tv\/sq\/wp-json\/wp\/v2\/comments?post=246096"}],"version-history":[{"count":0,"href":"https:\/\/zjarr.tv\/sq\/wp-json\/wp\/v2\/posts\/246096\/revisions"}],"wp:featuredmedia":[{"embeddable":true,"href":"https:\/\/zjarr.tv\/sq\/wp-json\/wp\/v2\/media\/246097"}],"wp:attachment":[{"href":"https:\/\/zjarr.tv\/sq\/wp-json\/wp\/v2\/media?parent=246096"}],"wp:term":[{"taxonomy":"category","embeddable":true,"href":"https:\/\/zjarr.tv\/sq\/wp-json\/wp\/v2\/categories?post=246096"},{"taxonomy":"post_tag","embeddable":true,"href":"https:\/\/zjarr.tv\/sq\/wp-json\/wp\/v2\/tags?post=246096"}],"curies":[{"name":"wp","href":"https:\/\/api.w.org\/{rel}","templated":true}]}}