{"id":246100,"date":"2022-03-23T17:36:15","date_gmt":"2022-03-23T16:36:15","guid":{"rendered":"https:\/\/zjarr.tv\/?p=246100"},"modified":"2022-03-23T17:36:15","modified_gmt":"2022-03-23T16:36:15","slug":"i-shpallur-ne-kerkim-nderkombetar-arrestohet-i-shumekerkuari-ne-diber-emri","status":"publish","type":"post","link":"https:\/\/zjarr.tv\/sq\/i-shpallur-ne-kerkim-nderkombetar-arrestohet-i-shumekerkuari-ne-diber-emri\/","title":{"rendered":"I shpallur n\u00eb k\u00ebrkim nd\u00ebrkomb\u00ebtar, arrestohet i shum\u00ebk\u00ebrkuari n\u00eb Dib\u00ebr (Emri)"},"content":{"rendered":"<p>Nj\u00eb 45-vje\u00e7ar i shpallur n\u00eb k\u00ebrkim nd\u00ebrkomb\u00ebtar nga Italia ka r\u00ebn\u00eb n\u00eb prangat e policis\u00eb s\u00eb Dibr\u00ebs. B\u00ebhet me dije se n\u00eb pranga ka r\u00ebn\u00eb shtetasi Roland Farruku 45\u00a0 vje\u00e7, banues n\u00eb Peshkopi, Dib\u00ebr.<\/p>\n<p>Gjat\u00eb p\u00ebrpunimit dhe verifikimit t\u00eb t\u00eb dh\u00ebnave n\u00eb sistem, ky shtetas ka rezultuar person i shpallur n\u00eb k\u00ebrkim nd\u00ebrkomb\u00ebtar nga autoritetet Italiane, pasi Gjykata e Ankonas,\u00a0 e ka d\u00ebnuar k\u00ebt\u00eb shtetas me 11 vjet, 10 muaj e 25 dit\u00eb burg, p\u00ebr vepr\u00ebn penale \u201cTrafik Narkotik\u00ebsh\u201d, parashikuar nga Kodi Penal Italian.<\/p>\n<p>Njoftimi i policis\u00eb:<\/p>\n<p>Kapet dhe vihet n\u00eb pranga nj\u00eb tjet\u00ebr shtetas i shpallur n\u00eb k\u00ebrkim nd\u00ebrkomb\u00ebtar, me q\u00ebllim ekstradimi drejt Italis\u00eb. N\u00eb hyrje t\u00eb Pik\u00ebs s\u00eb Kalimit Kufitar Bllat\u00eb, sh\u00ebrbimet e Policis\u00eb Kufitare, si rezultat i masave t\u00eb shtuara dhe shk\u00ebmbimit t\u00eb informacionit me Strukturat hetimore t\u00eb DVP Dib\u00ebr dhe Interpol Tiran\u00ebn, kan\u00eb ndaluar shtetasin e shpallur n\u00eb k\u00ebrkim nd\u00ebrkomb\u00ebtar:<\/p>\n<p>Roland Farruku 45\u00a0 vje\u00e7, banues n\u00eb Peshkopi, Dib\u00ebr. Gjat\u00eb p\u00ebrpunimit dhe verifikimit t\u00eb t\u00eb dh\u00ebnave n\u00eb sistem, ky shtetas ka rezultuar person i shpallur n\u00eb k\u00ebrkim nd\u00ebrkomb\u00ebtar nga autoritetet Italiane, pasi Gjykata e Ankonas,\u00a0 e ka d\u00ebnuar k\u00ebt\u00eb shtetas me 11 vjet, 10 muaj e 25 dit\u00eb burg, p\u00ebr vepr\u00ebn penale \u201cTrafik Narkotik\u00ebsh\u201d, parashikuar nga Kodi Penal Italian.<\/p>\n<p>N\u00eb p\u00ebrfundim t\u00eb\u00a0 veprimeve t\u00eb para hetimore, specialist\u00ebt e Sektorit p\u00ebr Hetimin e Krimit n\u00eb DVP Dib\u00ebr b\u00ebn\u00eb arrestimin provizor t\u00eb k\u00ebtij shtetasi, me q\u00ebllim ekstradimin e tij drejt Italis\u00eb.<\/p>\n","protected":false},"excerpt":{"rendered":"<p>Nj\u00eb 45-vje\u00e7ar i shpallur n\u00eb k\u00ebrkim nd\u00ebrkomb\u00ebtar nga Italia ka r\u00ebn\u00eb n\u00eb prangat e policis\u00eb s\u00eb Dibr\u00ebs. B\u00ebhet me dije se n\u00eb pranga ka r\u00ebn\u00eb shtetasi Roland Farruku 45\u00a0 vje\u00e7, banues n\u00eb Peshkopi, Dib\u00ebr. Gjat\u00eb p\u00ebrpunimit dhe verifikimit t\u00eb t\u00eb dh\u00ebnave n\u00eb sistem, ky shtetas ka rezultuar person i shpallur n\u00eb k\u00ebrkim nd\u00ebrkomb\u00ebtar nga autoritetet [&hellip;]<\/p>\n","protected":false},"author":2030,"featured_media":246101,"comment_status":"closed","ping_status":"closed","sticky":false,"template":"","format":"standard","meta":{"footnotes":""},"categories":[241,5380,231],"tags":[],"class_list":{"0":"post-246100","1":"post","2":"type-post","3":"status-publish","4":"format-standard","5":"has-post-thumbnail","7":"category-aktualitet","8":"category-kryesore","9":"category-lajme"},"_links":{"self":[{"href":"https:\/\/zjarr.tv\/sq\/wp-json\/wp\/v2\/posts\/246100","targetHints":{"allow":["GET"]}}],"collection":[{"href":"https:\/\/zjarr.tv\/sq\/wp-json\/wp\/v2\/posts"}],"about":[{"href":"https:\/\/zjarr.tv\/sq\/wp-json\/wp\/v2\/types\/post"}],"author":[{"embeddable":true,"href":"https:\/\/zjarr.tv\/sq\/wp-json\/wp\/v2\/users\/2030"}],"replies":[{"embeddable":true,"href":"https:\/\/zjarr.tv\/sq\/wp-json\/wp\/v2\/comments?post=246100"}],"version-history":[{"count":0,"href":"https:\/\/zjarr.tv\/sq\/wp-json\/wp\/v2\/posts\/246100\/revisions"}],"wp:featuredmedia":[{"embeddable":true,"href":"https:\/\/zjarr.tv\/sq\/wp-json\/wp\/v2\/media\/246101"}],"wp:attachment":[{"href":"https:\/\/zjarr.tv\/sq\/wp-json\/wp\/v2\/media?parent=246100"}],"wp:term":[{"taxonomy":"category","embeddable":true,"href":"https:\/\/zjarr.tv\/sq\/wp-json\/wp\/v2\/categories?post=246100"},{"taxonomy":"post_tag","embeddable":true,"href":"https:\/\/zjarr.tv\/sq\/wp-json\/wp\/v2\/tags?post=246100"}],"curies":[{"name":"wp","href":"https:\/\/api.w.org\/{rel}","templated":true}]}}