{"id":246104,"date":"2022-03-23T18:22:14","date_gmt":"2022-03-23T17:22:14","guid":{"rendered":"https:\/\/zjarr.tv\/?p=246104"},"modified":"2022-03-23T18:22:14","modified_gmt":"2022-03-23T17:22:14","slug":"berisha-pret-ne-takim-perfaqesuesit-e-partive-shqiptare-ne-mal-te-zi-kane-merita-te-vecanta-per-te-drejtat-njerezore","status":"publish","type":"post","link":"https:\/\/zjarr.tv\/sq\/berisha-pret-ne-takim-perfaqesuesit-e-partive-shqiptare-ne-mal-te-zi-kane-merita-te-vecanta-per-te-drejtat-njerezore\/","title":{"rendered":"Berisha pret n\u00eb takim p\u00ebrfaq\u00ebsuesit e partive shqiptare n\u00eb Mal t\u00eb Zi: Kan\u00eb merita t\u00eb ve\u00e7anta p\u00ebr t\u00eb drejtat njer\u00ebzore"},"content":{"rendered":"<p>Ish-Kryeministri Sali Berisha ka takuar k\u00ebt\u00eb t\u00eb m\u00ebrkur\u00eb p\u00ebrfaq\u00ebsues t\u00eb forcave politike shqiptare n\u00eb Malin e Zi, Mehmet Zenka-Kryetar i Unionit Demokratik n\u00eb Mal t\u00eb Zi; Saubih Mehmeti-Kryetar i Lidhjes Demokratike ne Mal t\u00eb Zi me bashk\u00ebpun\u00ebtor\u00ebt e tyre.<\/p>\n<p>Komisioni i Rithemelimit b\u00ebn me dije se p\u00ebrfaq\u00ebsuesit e k\u00ebtyre partive kan\u00eb falenderuar Berish\u00ebn p\u00ebr q\u00ebndrimet q\u00eb ka mbajtur ai dhe Partia Demokratike, n\u00eb afirmimin e t\u00eb drejtave njer\u00ebzore etnike t\u00eb shqiptar\u00ebve n\u00eb Malin e Zi.<\/p>\n<p>\u201cBerisha theksoi n\u00eb takim se, pakica shqiptare e Malit t\u00eb Zi, ka luajtur rol shum\u00eb t\u00eb r\u00ebnd\u00ebsish\u00ebm p\u00ebr stabilitetin e Malit t\u00eb Zi dhe rajonit n\u00eb t\u00ebr\u00ebsi, mbasi pavar\u00ebsia e Malit t\u00eb Zi, n\u00eb t\u00eb cil\u00ebn ju pat\u00ebt nj\u00eb rol thelb\u00ebsor, ishte nj\u00eb arritje e r\u00ebnd\u00ebsishme jo vet\u00ebm p\u00ebr k\u00ebt\u00eb vend por p\u00ebr t\u00eb gjith\u00eb rajonin. Ato, kan\u00eb qen\u00eb dhe jan\u00eb nj\u00eb faktor i r\u00ebnd\u00ebsish\u00ebm i marr\u00ebdh\u00ebnieve miq\u00ebsore midis dy vendeve tona.<\/p>\n<p>Forcat politike komb\u00ebtare shqiptare n\u00eb Mal t\u00eb Zi kan\u00eb merita t\u00eb ve\u00e7anta n\u00eb t\u00eb gjitha arritjet e shqiptar\u00ebve n\u00eb k\u00ebt\u00eb Republik\u00eb. Mbrojtja e interesave t\u00eb k\u00ebtyre t\u00eb fundit \u00ebsht\u00eb shoq\u00ebruar me garanci m\u00eb t\u00eb m\u00ebdha p\u00ebr lirit\u00eb dhe t\u00eb drejtat njer\u00ebzore dhe komb\u00ebtare t\u00eb shqiptar\u00ebve.<\/p>\n<p>Ndaj dhe un\u00eb, u drejtohem me thirrjen m\u00eb miq\u00ebsore qytetar\u00ebve shqiptar\u00eb n\u00eb Malin e Zi q\u00eb t\u00eb vijn\u00eb p\u00ebr kandidat\u00ebt dhe partit\u00eb shqiptare, si kushti m\u00eb i sigurt p\u00ebr garantimin dhe zgjerimin e m\u00ebtejsh\u00ebm t\u00eb lirive dhe t\u00eb drejtave njer\u00ebzore dhe etnike\u201d, thuhet n\u00eb njoftimin e Komisionit.<\/p>\n","protected":false},"excerpt":{"rendered":"<p>Ish-Kryeministri Sali Berisha ka takuar k\u00ebt\u00eb t\u00eb m\u00ebrkur\u00eb p\u00ebrfaq\u00ebsues t\u00eb forcave politike shqiptare n\u00eb Malin e Zi, Mehmet Zenka-Kryetar i Unionit Demokratik n\u00eb Mal t\u00eb Zi; Saubih Mehmeti-Kryetar i Lidhjes Demokratike ne Mal t\u00eb Zi me bashk\u00ebpun\u00ebtor\u00ebt e tyre. Komisioni i Rithemelimit b\u00ebn me dije se p\u00ebrfaq\u00ebsuesit e k\u00ebtyre partive kan\u00eb falenderuar Berish\u00ebn p\u00ebr q\u00ebndrimet [&hellip;]<\/p>\n","protected":false},"author":2030,"featured_media":246105,"comment_status":"closed","ping_status":"closed","sticky":false,"template":"","format":"standard","meta":{"footnotes":""},"categories":[241,3366,5380,231,1454],"tags":[],"class_list":{"0":"post-246104","1":"post","2":"type-post","3":"status-publish","4":"format-standard","5":"has-post-thumbnail","7":"category-aktualitet","8":"category-koment","9":"category-kryesore","10":"category-lajme","11":"category-politike"},"_links":{"self":[{"href":"https:\/\/zjarr.tv\/sq\/wp-json\/wp\/v2\/posts\/246104","targetHints":{"allow":["GET"]}}],"collection":[{"href":"https:\/\/zjarr.tv\/sq\/wp-json\/wp\/v2\/posts"}],"about":[{"href":"https:\/\/zjarr.tv\/sq\/wp-json\/wp\/v2\/types\/post"}],"author":[{"embeddable":true,"href":"https:\/\/zjarr.tv\/sq\/wp-json\/wp\/v2\/users\/2030"}],"replies":[{"embeddable":true,"href":"https:\/\/zjarr.tv\/sq\/wp-json\/wp\/v2\/comments?post=246104"}],"version-history":[{"count":0,"href":"https:\/\/zjarr.tv\/sq\/wp-json\/wp\/v2\/posts\/246104\/revisions"}],"wp:featuredmedia":[{"embeddable":true,"href":"https:\/\/zjarr.tv\/sq\/wp-json\/wp\/v2\/media\/246105"}],"wp:attachment":[{"href":"https:\/\/zjarr.tv\/sq\/wp-json\/wp\/v2\/media?parent=246104"}],"wp:term":[{"taxonomy":"category","embeddable":true,"href":"https:\/\/zjarr.tv\/sq\/wp-json\/wp\/v2\/categories?post=246104"},{"taxonomy":"post_tag","embeddable":true,"href":"https:\/\/zjarr.tv\/sq\/wp-json\/wp\/v2\/tags?post=246104"}],"curies":[{"name":"wp","href":"https:\/\/api.w.org\/{rel}","templated":true}]}}