{"id":246122,"date":"2022-03-23T18:53:09","date_gmt":"2022-03-23T17:53:09","guid":{"rendered":"https:\/\/zjarr.tv\/?p=246122"},"modified":"2022-03-23T18:53:09","modified_gmt":"2022-03-23T17:53:09","slug":"zhvillimet-brenda-pd-doreheqja-e-bashes-me-hile-duhej-te-largohej-me-ekipin-e-tij-biberaj-ja-cili-eshte-krimi-i-tij-me-i-madh-deklarata-e-alibeajt-ishte-skanda","status":"publish","type":"post","link":"https:\/\/zjarr.tv\/sq\/zhvillimet-brenda-pd-doreheqja-e-bashes-me-hile-duhej-te-largohej-me-ekipin-e-tij-biberaj-ja-cili-eshte-krimi-i-tij-me-i-madh-deklarata-e-alibeajt-ishte-skanda\/","title":{"rendered":"Zhvillimet brenda PD\/ \u201cDor\u00ebheqja e Bash\u00ebs me hile, duhej t\u00eb largohej me ekipin e tij\u201d, Biberaj: Ja cili \u00ebsht\u00eb \u201ckrimi\u201d i tij m\u00eb i madh, deklarata e Alibeajt ishte skandaloze"},"content":{"rendered":"<p>Sot n\u00eb studion e Faxnews ka qen\u00eb i ftuar Aleksander Biberaj, an\u00ebtar i K\u00ebshillit Komb\u00ebtar i PD, i cili ka folur n\u00eb lidhje me zhvillimet m\u00eb t\u00eb fundit n\u00eb kampin blu, pas dor\u00ebheqjes s\u00eb Lulzim Bash\u00ebs si kryetar.<\/p>\n<p>Biberaj tha se zgjedhjet e 6 marsit, treguan se kush \u00ebsht\u00eb mazhoranc\u00eb brenda Partis\u00eb Demokratike.<\/p>\n<p>Biberaj e cil\u00ebsoi doreheqjen e Bash\u00ebs t\u00eb pasinqert\u00eb dhe me hile, dhe shtoi se ai duhet t\u00eb dor\u00ebhiqej s\u00eb bashku edhe me ata t\u00eb cil\u00ebt e mb\u00ebshtesin brenda PD, duke e cil\u00ebsuar si ekipin e tij.<\/p>\n<p>Po ashtu Biberaj e cil\u00ebsoi skandaloze deklarat\u00ebn e n\u00ebnkryetarit Enkelejd Alibeaj, tashm\u00eb kryetar i komanduar i PD se zgjedhjet p\u00ebr kreun e ri do t\u00eb mbahen pas zgjedhjeve lokale.<\/p>\n<p>Pjes\u00eb nga intervista:<\/p>\n<p>Do shkohet drejt nj\u00eb zgjidhje, kan\u00eb ndidhur disa zhvillime, jo Kuvendi n\u00eb 11 dhe 18 dhjetor por zgjedhjet e 6 marsit e kan\u00eb treguar q\u00eb kush \u00ebsht\u00eb mazhoranc\u00eb brenda PD, si nje themelues i PD \u00ebsht\u00eb se duhet t\u00eb bashkohemi t\u00eb gjith\u00eb q\u00eb t\u00eb b\u00ebhet rotacion politik.<\/p>\n<p>Dor\u00ebheqja e Bash\u00ebs? E prisnit?<\/p>\n<p>Duhet t\u00eb ndodhte se pas 6 marsit nuk kishte rrug\u00eb tjet\u00ebr vec doreheqjes, me erdhi keq q\u00eb e beri me hile dhe pa sinqeritet, Basha nuk u b\u00eb asbj\u00ebher\u00eb lide\u00ebr.<\/p>\n<p>I ka dh\u00ebn\u00eb nj\u00eb kosto PD, Shqiperis\u00eb dhe shqiptar\u00ebve. Opozita \u00ebsht\u00eb gjysma e demokracis\u00eb, sa kohe nuk punon opozita mazhoranca krijon anarki, nuk respekton kushtetut\u00ebn, kishte nj\u00eb lidership t\u00eb d\u00ebshtuar t\u00eb Bash\u00ebs. Nuk duhet t\u00eb bojkotonim reform\u00ebn territoriale, pas saj rrodh\u00ebn pasoja negative p\u00ebr opozit\u00ebn, nuk ishte doreheqje e parevokusheme, cikli politik i Bash\u00ebs ka p\u00ebrfunduar.<\/p>\n<p>Un\u00eb shpresoj q\u00eb sa m\u00eb shpejt ta kuptojn\u00eb q\u00eb t\u00eb mos b\u00ebhen marionete e Bash\u00ebs dhe Ram\u00ebs ato tre kokrra q\u00eb e mb\u00ebshtesin. Nuk mundet q\u00eb pas nj\u00eb krize t\u00eb till\u00eb t\u2019ia delegoj m\u00eb pas n\u00ebnkryeatrit, cdo kryetar duhet t\u00ebrhiqet me ekip. Ne e kemi mb\u00ebshtetur Bash\u00ebn, kemi dashur ta b\u00ebjm\u00eb kryeminist\u00ebr.<\/p>\n<p>Ka b\u00ebr\u00eb nj\u00eb ekip dhe ne i kemi dh\u00ebn\u00eb besimin, po duhet te terhiqej edhe me ekipin. Nuk kishte burr\u00ebri n\u00eb k\u00ebt\u00eb vendimarrje. Skandaloze \u00ebsht\u00eb deklarata e Alibeaj q\u00eb do zgjidhet kryetari pas zgjedhjeve lokale, q\u00eb do t\u00eb thote ti japim nj\u00eb pal\u00eb zgjedhje t\u00eb tjera Ram\u00ebs, duhet t\u00eb filloj\u00eb urgjentisht procesi i reformimit t\u00eb PD.<\/p>\n<p>Ti hapte rrug\u00eb reformimit t\u00eb PD. E ka l\u00ebn\u00eb litarin jasht\u00eb.<\/p>\n<p>Krimi m\u00eb i madh q\u00eb ka b\u00ebr\u00eb \u00ebsht\u00eb se ka l\u00ebn\u00eb Edi Ram\u00ebn n\u00eb qeverisje, qeverit me banda, qeverisje orgjirash. As socialist\u00ebt nuk jan\u00eb t\u00eb k\u00ebnaqur. E urren popullin e vet, anti-komb\u00ebtare. Krimi m\u00eb i madh \u00ebsht\u00eb q\u00eb ka l\u00ebn\u00eb Edi Ram\u00ebn n\u00eb pushtet. Ia kam th\u00ebn\u00eb n\u00eb zyr\u00eb Bash\u00ebs.<\/p>\n","protected":false},"excerpt":{"rendered":"<p>Sot n\u00eb studion e Faxnews ka qen\u00eb i ftuar Aleksander Biberaj, an\u00ebtar i K\u00ebshillit Komb\u00ebtar i PD, i cili ka folur n\u00eb lidhje me zhvillimet m\u00eb t\u00eb fundit n\u00eb kampin blu, pas dor\u00ebheqjes s\u00eb Lulzim Bash\u00ebs si kryetar. Biberaj tha se zgjedhjet e 6 marsit, treguan se kush \u00ebsht\u00eb mazhoranc\u00eb brenda Partis\u00eb Demokratike. Biberaj e [&hellip;]<\/p>\n","protected":false},"author":2030,"featured_media":246123,"comment_status":"closed","ping_status":"closed","sticky":false,"template":"","format":"standard","meta":{"footnotes":""},"categories":[241,3366,5380,231,1454],"tags":[],"class_list":{"0":"post-246122","1":"post","2":"type-post","3":"status-publish","4":"format-standard","5":"has-post-thumbnail","7":"category-aktualitet","8":"category-koment","9":"category-kryesore","10":"category-lajme","11":"category-politike"},"_links":{"self":[{"href":"https:\/\/zjarr.tv\/sq\/wp-json\/wp\/v2\/posts\/246122","targetHints":{"allow":["GET"]}}],"collection":[{"href":"https:\/\/zjarr.tv\/sq\/wp-json\/wp\/v2\/posts"}],"about":[{"href":"https:\/\/zjarr.tv\/sq\/wp-json\/wp\/v2\/types\/post"}],"author":[{"embeddable":true,"href":"https:\/\/zjarr.tv\/sq\/wp-json\/wp\/v2\/users\/2030"}],"replies":[{"embeddable":true,"href":"https:\/\/zjarr.tv\/sq\/wp-json\/wp\/v2\/comments?post=246122"}],"version-history":[{"count":0,"href":"https:\/\/zjarr.tv\/sq\/wp-json\/wp\/v2\/posts\/246122\/revisions"}],"wp:featuredmedia":[{"embeddable":true,"href":"https:\/\/zjarr.tv\/sq\/wp-json\/wp\/v2\/media\/246123"}],"wp:attachment":[{"href":"https:\/\/zjarr.tv\/sq\/wp-json\/wp\/v2\/media?parent=246122"}],"wp:term":[{"taxonomy":"category","embeddable":true,"href":"https:\/\/zjarr.tv\/sq\/wp-json\/wp\/v2\/categories?post=246122"},{"taxonomy":"post_tag","embeddable":true,"href":"https:\/\/zjarr.tv\/sq\/wp-json\/wp\/v2\/tags?post=246122"}],"curies":[{"name":"wp","href":"https:\/\/api.w.org\/{rel}","templated":true}]}}