{"id":246127,"date":"2022-03-23T21:23:13","date_gmt":"2022-03-23T20:23:13","guid":{"rendered":"https:\/\/zjarr.tv\/?p=246127"},"modified":"2022-03-23T21:23:13","modified_gmt":"2022-03-23T20:23:13","slug":"balluku-qeteson-qytetaret-fierza-nuk-eshte-ne-piken-e-vdekjes-ky-eshte-menaxhimi-me-i-mire-qe-i-kemi-bere-kaskades","status":"publish","type":"post","link":"https:\/\/zjarr.tv\/sq\/balluku-qeteson-qytetaret-fierza-nuk-eshte-ne-piken-e-vdekjes-ky-eshte-menaxhimi-me-i-mire-qe-i-kemi-bere-kaskades\/","title":{"rendered":"Balluku qet\u00ebson qytetar\u00ebt: Fierza nuk \u00ebsht\u00eb n\u00eb pik\u00ebn e vdekjes, ky \u00ebsht\u00eb menaxhimi m\u00eb i mir\u00eb q\u00eb i kemi b\u00ebr\u00eb kaskad\u00ebs"},"content":{"rendered":"<p>Ministrja e Energjis\u00eb dhe Infrastuktur\u00ebs, Belinda Balluku hedh posht\u00eb z\u00ebrat se situata n\u00eb liqenin e Fierz\u00ebs \u00ebsht\u00eb kritike dhe se niveli \u00ebsht\u00eb \u201cn\u00eb pik\u00ebn e vdekjes\u201d. <\/p>\n<p>Balluku tha n\u00eb nj\u00eb intervist\u00eb p\u00ebr \u201cEurone\u00ebs Albania\u201d se situata \u00ebsht\u00eb e v\u00ebshtir\u00eb p\u00ebr shkak t\u00eb munges\u00ebs s\u00eb rreshjeve, por Fierza nuk ndodhet n\u00eb pik\u00ebn kritike. <\/p>\n<p>P\u00ebrsa i p\u00ebrket liqenit t\u00eb Fierz\u00ebs, duhet t\u00eb ndalem nj\u00eb moment. Un\u00eb nuk e di se kush ekspert thot\u00eb q\u00eb Fierza \u00ebsht\u00eb n\u00eb pik\u00ebn e vdekjes. Se nga 249 deri n\u00eb pik\u00ebn e vdekjes jan\u00eb shum\u00eb metra, deri n\u00eb 240 metra. <\/p>\n<p>K\u00ebtu biem t\u00eb gjith\u00eb dakord q\u00eb nuk ka r\u00ebn\u00eb shi, meq\u00ebn\u00ebse nuk ka r\u00ebn\u00eb shi, ne e kemi menaxhuar, ky \u00ebsht\u00eb menaxhimi m\u00eb i mir\u00eb i Fierz\u00ebs duke b\u00ebr\u00eb q\u00eb t\u00eb kemi edhe prodhim vendas. N\u00eb rast se ne kemi energji, nuk kemi ku ta depozitojm\u00eb, ndaj duam t\u00eb nisim nj\u00eb politik\u00eb p\u00ebr k\u00ebt\u00eb. Ne vazhdojm\u00eb ta menaxhojm\u00eb kaskad\u00ebn\u201d, u shpreh Balluku.<\/p>\n","protected":false},"excerpt":{"rendered":"<p>Ministrja e Energjis\u00eb dhe Infrastuktur\u00ebs, Belinda Balluku hedh posht\u00eb z\u00ebrat se situata n\u00eb liqenin e Fierz\u00ebs \u00ebsht\u00eb kritike dhe se niveli \u00ebsht\u00eb \u201cn\u00eb pik\u00ebn e vdekjes\u201d. Balluku tha n\u00eb nj\u00eb intervist\u00eb p\u00ebr \u201cEurone\u00ebs Albania\u201d se situata \u00ebsht\u00eb e v\u00ebshtir\u00eb p\u00ebr shkak t\u00eb munges\u00ebs s\u00eb rreshjeve, por Fierza nuk ndodhet n\u00eb pik\u00ebn kritike. P\u00ebrsa i p\u00ebrket [&hellip;]<\/p>\n","protected":false},"author":2031,"featured_media":196067,"comment_status":"closed","ping_status":"closed","sticky":false,"template":"","format":"standard","meta":{"footnotes":""},"categories":[231],"tags":[],"class_list":{"0":"post-246127","1":"post","2":"type-post","3":"status-publish","4":"format-standard","5":"has-post-thumbnail","7":"category-lajme"},"_links":{"self":[{"href":"https:\/\/zjarr.tv\/sq\/wp-json\/wp\/v2\/posts\/246127","targetHints":{"allow":["GET"]}}],"collection":[{"href":"https:\/\/zjarr.tv\/sq\/wp-json\/wp\/v2\/posts"}],"about":[{"href":"https:\/\/zjarr.tv\/sq\/wp-json\/wp\/v2\/types\/post"}],"author":[{"embeddable":true,"href":"https:\/\/zjarr.tv\/sq\/wp-json\/wp\/v2\/users\/2031"}],"replies":[{"embeddable":true,"href":"https:\/\/zjarr.tv\/sq\/wp-json\/wp\/v2\/comments?post=246127"}],"version-history":[{"count":0,"href":"https:\/\/zjarr.tv\/sq\/wp-json\/wp\/v2\/posts\/246127\/revisions"}],"wp:featuredmedia":[{"embeddable":true,"href":"https:\/\/zjarr.tv\/sq\/wp-json\/wp\/v2\/media\/196067"}],"wp:attachment":[{"href":"https:\/\/zjarr.tv\/sq\/wp-json\/wp\/v2\/media?parent=246127"}],"wp:term":[{"taxonomy":"category","embeddable":true,"href":"https:\/\/zjarr.tv\/sq\/wp-json\/wp\/v2\/categories?post=246127"},{"taxonomy":"post_tag","embeddable":true,"href":"https:\/\/zjarr.tv\/sq\/wp-json\/wp\/v2\/tags?post=246127"}],"curies":[{"name":"wp","href":"https:\/\/api.w.org\/{rel}","templated":true}]}}