{"id":246324,"date":"2022-03-24T23:36:29","date_gmt":"2022-03-24T22:36:29","guid":{"rendered":"https:\/\/zjarr.tv\/?p=246324"},"modified":"2022-03-24T23:36:29","modified_gmt":"2022-03-24T22:36:29","slug":"xhelal-mziu-mirepret-kandidimin-e-berishes-pse-jo-dhe-fitues-nese-demokratet-e-duan","status":"publish","type":"post","link":"https:\/\/zjarr.tv\/sq\/xhelal-mziu-mirepret-kandidimin-e-berishes-pse-jo-dhe-fitues-nese-demokratet-e-duan\/","title":{"rendered":"Xhelal Mziu mir\u00ebpret kandidimin e Berish\u00ebs: Pse jo dhe fitues n\u00ebse demokrat\u00ebt e duan"},"content":{"rendered":"<p>Deputeti i PD, Xhelal Mziu ka folur p\u00ebr situat\u00ebn e krijuar brenda Partis\u00eb Demokratike gjat\u00eb koh\u00ebve t\u00eb fundit. <\/p>\n<p>Mziu se pas dor\u00ebheqjes s\u00eb Lulzim Bash\u00ebs do t\u00eb donte q\u00eb \u00a0t\u00eb ishte nj\u00eb person tjet\u00ebr q\u00eb t\u00eb drejtonte partin\u00eb dhe mos ishte as Berisha dhe as Basha. <\/p>\n<p>Mir\u00ebpo ai \u00ebsht\u00eb shprehur se Berisha mund t\u00eb jet\u00eb nj\u00eb kandidat n\u00eb gar\u00eb, dhe pse jo fitues n\u00ebse e duan demokrat\u00ebt. <\/p>\n<p>\u201cDo t\u00eb doja t\u00eb ishte nj\u00eb person i tret\u00eb n\u00eb k\u00ebt\u00eb momente. E them k\u00ebt\u00eb jo se nuk kam besim tek potencialet as t\u00eb Berish\u00ebs as t\u00eb Bash\u00ebs, por n\u00eb fund t\u00eb fundit \u00ebsht\u00eb vota ajo q\u00eb duhet t\u00eb p\u00ebrcaktoj. Berisha mundet q\u00eb t\u00eb jet\u00eb nj\u00eb kandidat n\u00eb gar\u00eb, pse jo dhe fitues n\u00ebse demokrat\u00ebt e duan.<\/p>\n<p> T\u2019i bashkohen t\u00eb gjith\u00eb PD p\u00ebr t\u00eb shp\u00ebtuar nga kjo e keqe e madhe q\u00eb \u00ebsht\u00eb rilindja\u201d tha Mziu n\u00eb nj\u00eb intervist\u00eb p\u00ebr \u201cOra news\u201d.<\/p>\n","protected":false},"excerpt":{"rendered":"<p>Deputeti i PD, Xhelal Mziu ka folur p\u00ebr situat\u00ebn e krijuar brenda Partis\u00eb Demokratike gjat\u00eb koh\u00ebve t\u00eb fundit. Mziu se pas dor\u00ebheqjes s\u00eb Lulzim Bash\u00ebs do t\u00eb donte q\u00eb \u00a0t\u00eb ishte nj\u00eb person tjet\u00ebr q\u00eb t\u00eb drejtonte partin\u00eb dhe mos ishte as Berisha dhe as Basha. Mir\u00ebpo ai \u00ebsht\u00eb shprehur se Berisha mund t\u00eb jet\u00eb [&hellip;]<\/p>\n","protected":false},"author":2031,"featured_media":160443,"comment_status":"closed","ping_status":"closed","sticky":false,"template":"","format":"standard","meta":{"footnotes":""},"categories":[231],"tags":[],"class_list":{"0":"post-246324","1":"post","2":"type-post","3":"status-publish","4":"format-standard","5":"has-post-thumbnail","7":"category-lajme"},"_links":{"self":[{"href":"https:\/\/zjarr.tv\/sq\/wp-json\/wp\/v2\/posts\/246324","targetHints":{"allow":["GET"]}}],"collection":[{"href":"https:\/\/zjarr.tv\/sq\/wp-json\/wp\/v2\/posts"}],"about":[{"href":"https:\/\/zjarr.tv\/sq\/wp-json\/wp\/v2\/types\/post"}],"author":[{"embeddable":true,"href":"https:\/\/zjarr.tv\/sq\/wp-json\/wp\/v2\/users\/2031"}],"replies":[{"embeddable":true,"href":"https:\/\/zjarr.tv\/sq\/wp-json\/wp\/v2\/comments?post=246324"}],"version-history":[{"count":0,"href":"https:\/\/zjarr.tv\/sq\/wp-json\/wp\/v2\/posts\/246324\/revisions"}],"wp:featuredmedia":[{"embeddable":true,"href":"https:\/\/zjarr.tv\/sq\/wp-json\/wp\/v2\/media\/160443"}],"wp:attachment":[{"href":"https:\/\/zjarr.tv\/sq\/wp-json\/wp\/v2\/media?parent=246324"}],"wp:term":[{"taxonomy":"category","embeddable":true,"href":"https:\/\/zjarr.tv\/sq\/wp-json\/wp\/v2\/categories?post=246324"},{"taxonomy":"post_tag","embeddable":true,"href":"https:\/\/zjarr.tv\/sq\/wp-json\/wp\/v2\/tags?post=246324"}],"curies":[{"name":"wp","href":"https:\/\/api.w.org\/{rel}","templated":true}]}}