{"id":246469,"date":"2022-03-25T16:02:24","date_gmt":"2022-03-25T15:02:24","guid":{"rendered":"https:\/\/zjarr.tv\/?p=246469"},"modified":"2022-03-25T16:02:24","modified_gmt":"2022-03-25T15:02:24","slug":"berisha-deklarate-brenda-selise-se-pd-sot-ju-kerkoj-te-bashkohemi-prej-ketu-nuk-mund-te-kete-te-larguar","status":"publish","type":"post","link":"https:\/\/zjarr.tv\/sq\/berisha-deklarate-brenda-selise-se-pd-sot-ju-kerkoj-te-bashkohemi-prej-ketu-nuk-mund-te-kete-te-larguar\/","title":{"rendered":"Berisha deklarat\u00eb brenda selis\u00eb s\u00eb PD: Sot ju k\u00ebrkoj t\u00eb bashkohemi, prej k\u00ebtu nuk mund t\u00eb ket\u00eb t\u00eb larguar"},"content":{"rendered":"<p>Ish kryeministri Sali Berisha ka dh\u00ebn\u00eb nj\u00eb deklarat\u00eb p\u00ebr mediat pas p\u00ebrfundimit t\u00eb takiomit me Enkelejd Alibeajn dhe Gazment Bardhin brenda selis\u00eb s\u00eb PD.<\/p>\n<p>Berisha: Jam sot k\u00ebtu q\u00eb n\u00eb em\u00ebr t\u00eb Komisionit t\u00eb Rithemelimit t\u00eb PD t\u00eb b\u00ebj thirrje demorkat\u00ebve t\u00eb Shqip\u00ebris\u00eb kudo q\u00eb jan\u00eb t\u2019i shtrijn\u00eb dor\u00ebn nj\u00ebri tjetrit sot dhe t\u00eb bashkohen k\u00ebt\u00eb dit\u00eb p\u00ebr interesin m\u00eb t\u00eb madh t\u00eb vendit t\u00eb kombit, shoq\u00ebris\u00eb shqiptare.<\/p>\n<p>Sot PD \u00ebsht\u00eb parti e t\u00eb gjith\u00eb demokrat\u00ebve. Prej saj nuk ka dhe nuk mund t\u00eb ket\u00eb t\u00eb larguar. Vendimi i gjykat\u00ebs legjitimoi m\u00eb n\u00eb fund vendimet historike t\u00eb kuvendit.<\/p>\n","protected":false},"excerpt":{"rendered":"<p>Ish kryeministri Sali Berisha ka dh\u00ebn\u00eb nj\u00eb deklarat\u00eb p\u00ebr mediat pas p\u00ebrfundimit t\u00eb takiomit me Enkelejd Alibeajn dhe Gazment Bardhin brenda selis\u00eb s\u00eb PD. Berisha: Jam sot k\u00ebtu q\u00eb n\u00eb em\u00ebr t\u00eb Komisionit t\u00eb Rithemelimit t\u00eb PD t\u00eb b\u00ebj thirrje demorkat\u00ebve t\u00eb Shqip\u00ebris\u00eb kudo q\u00eb jan\u00eb t\u2019i shtrijn\u00eb dor\u00ebn nj\u00ebri tjetrit sot dhe t\u00eb bashkohen [&hellip;]<\/p>\n","protected":false},"author":2020,"featured_media":246470,"comment_status":"closed","ping_status":"closed","sticky":false,"template":"","format":"standard","meta":{"footnotes":""},"categories":[241,5380,231],"tags":[],"class_list":{"0":"post-246469","1":"post","2":"type-post","3":"status-publish","4":"format-standard","5":"has-post-thumbnail","7":"category-aktualitet","8":"category-kryesore","9":"category-lajme"},"_links":{"self":[{"href":"https:\/\/zjarr.tv\/sq\/wp-json\/wp\/v2\/posts\/246469","targetHints":{"allow":["GET"]}}],"collection":[{"href":"https:\/\/zjarr.tv\/sq\/wp-json\/wp\/v2\/posts"}],"about":[{"href":"https:\/\/zjarr.tv\/sq\/wp-json\/wp\/v2\/types\/post"}],"author":[{"embeddable":true,"href":"https:\/\/zjarr.tv\/sq\/wp-json\/wp\/v2\/users\/2020"}],"replies":[{"embeddable":true,"href":"https:\/\/zjarr.tv\/sq\/wp-json\/wp\/v2\/comments?post=246469"}],"version-history":[{"count":0,"href":"https:\/\/zjarr.tv\/sq\/wp-json\/wp\/v2\/posts\/246469\/revisions"}],"wp:featuredmedia":[{"embeddable":true,"href":"https:\/\/zjarr.tv\/sq\/wp-json\/wp\/v2\/media\/246470"}],"wp:attachment":[{"href":"https:\/\/zjarr.tv\/sq\/wp-json\/wp\/v2\/media?parent=246469"}],"wp:term":[{"taxonomy":"category","embeddable":true,"href":"https:\/\/zjarr.tv\/sq\/wp-json\/wp\/v2\/categories?post=246469"},{"taxonomy":"post_tag","embeddable":true,"href":"https:\/\/zjarr.tv\/sq\/wp-json\/wp\/v2\/tags?post=246469"}],"curies":[{"name":"wp","href":"https:\/\/api.w.org\/{rel}","templated":true}]}}