{"id":246522,"date":"2022-03-25T18:36:38","date_gmt":"2022-03-25T17:36:38","guid":{"rendered":"https:\/\/zjarr.tv\/?p=246522"},"modified":"2022-03-25T18:36:38","modified_gmt":"2022-03-25T17:36:38","slug":"jam-i-sigurt-se-berisha-e-con-pd-ne-fitore-lefter-maliqi-ne-zgjedhjet-e-ardhshme-lokale-do-te-kandidoj-dhe-une","status":"publish","type":"post","link":"https:\/\/zjarr.tv\/sq\/jam-i-sigurt-se-berisha-e-con-pd-ne-fitore-lefter-maliqi-ne-zgjedhjet-e-ardhshme-lokale-do-te-kandidoj-dhe-une\/","title":{"rendered":"\u201cJam i sigurt se Berisha e \u00e7on PD n\u00eb fitore\u201d, Lefter Maliqi: N\u00eb zgjedhjet e ardhshme lokale do t\u00eb kandidoj dhe un\u00eb"},"content":{"rendered":"<p>Ish-deputeti Lefter Maliqi \u00ebsht\u00eb shprehur i bindur se tashm\u00eb q\u00eb gjykata njohu statutin e miratuar n\u00eb kuvendin e 11 dhjetorit, Sali Berisha do t\u00eb vij\u00eb me fitore n\u00eb PD.<\/p>\n<p>Ai tha n\u00eb nj\u00eb intervist\u00eb n\u00eb \u201cFaxweb\u201d se do t\u00eb kandiodoj\u00eb n\u00eb zgjedhjet lokale n\u00ebn sigl\u00ebn PD-LSI, n\u00eb qarkun e Beratit, duke u shprehur optimist p\u00ebr fitoren.\u00a0 Sipas tij zbritja e Ilir Met\u00ebs n\u00eb baz\u00eb, do t\u00eb b\u00ebj\u00eb t\u00eb\u00a0 mundur vendosjen e pluralizmit dhe do t\u00eb d\u00ebrrmoj\u00eb gjysm\u00ebn e opozit\u00ebs.<\/p>\n<p>Maliqi: Dor\u00ebheqja e Bash\u00ebs ishte nj\u00eb truk. Kur Berisha bashkoi demokrat\u00ebt pas 97 dhe erdhi n\u00eb 2005 n\u00eb pushtet, me k\u00ebt\u00eb pjekuri q\u00eb ka tani vjen me ftore. P\u00ebrve\u00e7 se rrit PD, do t\u00eb jet\u00eb nj\u00eb front i madh opozitar me LSI. Zbritja e Met\u00ebs n\u00eb baz\u00eb b\u00ebj\u00eb t\u00eb mundur vendosjen e pluralizmit.<\/p>\n<p>Do t\u00eb jem n\u00eb qarkun e Beratit n\u00ebn sigl\u00ebn LSI_PD dhe me bindje totale se do t\u00eb fitoj. N\u00eb 2007 un\u00eb ka fituar me 2700 vota dhe premtimet e mia i b\u00ebra realitet. K\u00ebto jan\u00eb gjurm\u00eb q\u00eb kam l\u00ebn\u00eb atje. Ka nj\u00eb dallim mes atij q\u00eb mban fjal\u00ebn dhe atij q\u00eb b\u00ebn realitet premtimet.25 prilli ishte n\u00eb t\u00eb gjith\u00eb vendin dhe\u00a0 n\u00eb 6 mars opozita ishte e p\u00ebr\u00e7ar\u00eb. Vula, selia dhe zbritja e Met\u00ebs, t\u00eb jen\u00eb t\u00eb bindur se d\u00ebrmohet gjysma e opozit\u00ebs.<\/p>\n<p>E njoh Met\u00ebn dhe n\u00eb 2007 kam qen\u00eb kandidat dhe e di sa energjik \u00ebsht\u00eb. Te jeni t\u00eb bindur se ky ndryshim do t\u00eb ndodh\u00eb. Thirrja ime \u00ebsht\u00eb kjo: n\u00eb baz\u00eb t\u00eb filloj\u00eb puna sa m\u00eb shpejt\u00eb. \u00cbsht\u00eb momenti p\u00ebr t\u00eb zbritur n\u00eb baz\u00eb dhe t\u00eb kapim elektoratin gri. P\u00ebr shkak t\u00eb pengut Lulit, Rama b\u00ebri nj\u00eb qeveri kukull. Tani Rama e ka kthyer n\u00eb harem, nj\u00ebra e quan Zeus dhe tjetra nuk di t\u00eb flas\u00eb. Ka b\u00ebr\u00eb em\u00ebrime q\u00eb t\u00eb v\u00ebsh duart n\u00eb kok\u00eb. Ka shum\u00eb pak\u00ebnaq\u00ebsi edhe n\u00eb PS. Te PD do t\u00eb futet nj\u00eb frym\u00eb e re. P\u00ebr demokrat\u00ebt sot \u00ebsht\u00eb nj\u00eb dit\u00eblinjdje e dyt\u00eb. T\u00eb jeni t\u00eb\u00a0 bindur se ndryshimi do t\u00eb ndodh\u00eb.<\/p>\n","protected":false},"excerpt":{"rendered":"<p>Ish-deputeti Lefter Maliqi \u00ebsht\u00eb shprehur i bindur se tashm\u00eb q\u00eb gjykata njohu statutin e miratuar n\u00eb kuvendin e 11 dhjetorit, Sali Berisha do t\u00eb vij\u00eb me fitore n\u00eb PD. Ai tha n\u00eb nj\u00eb intervist\u00eb n\u00eb \u201cFaxweb\u201d se do t\u00eb kandiodoj\u00eb n\u00eb zgjedhjet lokale n\u00ebn sigl\u00ebn PD-LSI, n\u00eb qarkun e Beratit, duke u shprehur optimist p\u00ebr [&hellip;]<\/p>\n","protected":false},"author":2030,"featured_media":246523,"comment_status":"closed","ping_status":"closed","sticky":false,"template":"","format":"standard","meta":{"footnotes":""},"categories":[241,3366,5380,231,1454],"tags":[],"class_list":{"0":"post-246522","1":"post","2":"type-post","3":"status-publish","4":"format-standard","5":"has-post-thumbnail","7":"category-aktualitet","8":"category-koment","9":"category-kryesore","10":"category-lajme","11":"category-politike"},"_links":{"self":[{"href":"https:\/\/zjarr.tv\/sq\/wp-json\/wp\/v2\/posts\/246522","targetHints":{"allow":["GET"]}}],"collection":[{"href":"https:\/\/zjarr.tv\/sq\/wp-json\/wp\/v2\/posts"}],"about":[{"href":"https:\/\/zjarr.tv\/sq\/wp-json\/wp\/v2\/types\/post"}],"author":[{"embeddable":true,"href":"https:\/\/zjarr.tv\/sq\/wp-json\/wp\/v2\/users\/2030"}],"replies":[{"embeddable":true,"href":"https:\/\/zjarr.tv\/sq\/wp-json\/wp\/v2\/comments?post=246522"}],"version-history":[{"count":0,"href":"https:\/\/zjarr.tv\/sq\/wp-json\/wp\/v2\/posts\/246522\/revisions"}],"wp:featuredmedia":[{"embeddable":true,"href":"https:\/\/zjarr.tv\/sq\/wp-json\/wp\/v2\/media\/246523"}],"wp:attachment":[{"href":"https:\/\/zjarr.tv\/sq\/wp-json\/wp\/v2\/media?parent=246522"}],"wp:term":[{"taxonomy":"category","embeddable":true,"href":"https:\/\/zjarr.tv\/sq\/wp-json\/wp\/v2\/categories?post=246522"},{"taxonomy":"post_tag","embeddable":true,"href":"https:\/\/zjarr.tv\/sq\/wp-json\/wp\/v2\/tags?post=246522"}],"curies":[{"name":"wp","href":"https:\/\/api.w.org\/{rel}","templated":true}]}}