{"id":247013,"date":"2022-03-28T00:04:28","date_gmt":"2022-03-27T22:04:28","guid":{"rendered":"https:\/\/zjarr.tv\/?p=247013"},"modified":"2022-03-28T00:04:28","modified_gmt":"2022-03-27T22:04:28","slug":"lulzim-basha-nuk-ndahet-nga-partia-demokratike-merr-zyren-e-re-shume-afer-selise-blu","status":"publish","type":"post","link":"https:\/\/zjarr.tv\/sq\/lulzim-basha-nuk-ndahet-nga-partia-demokratike-merr-zyren-e-re-shume-afer-selise-blu\/","title":{"rendered":"Lulzim Basha nuk ndahet nga Partia Demokratike, merr zyr\u00ebn e re shum\u00eb af\u00ebr selis\u00eb blu"},"content":{"rendered":"<p>Dor\u00ebheqja si kryetar i Partis\u00eb Demokratike e la Lulzim Bash\u00ebn pa nj\u00eb zyr\u00eb n\u00eb selin\u00eb blu, pasi zyr\u00ebn e kryetarit q\u00eb e mbajti p\u00ebr rreth 9 vite e zbrazi dit\u00ebn e djeshme. <\/p>\n<p>Nd\u00ebrkoh\u00eb, burime p\u00ebr mediat b\u00ebjn\u00eb me dije se ai ka marr\u00eb nj\u00eb tjet\u00ebr zyr\u00eb jasht\u00eb selis\u00eb s\u00eb Partis\u00eb Demokratike. Zyra e re \u00ebsht\u00eb pran\u00eb qendr\u00ebs \u201cTorre Drin\u201d, n\u00eb af\u00ebrsi t\u00eb selis\u00eb s\u00eb PD-s\u00eb, ku Basha do t\u00eb zhvilloj\u00eb mbledhjet e ardhshme me t\u00eb besuarit e tij.<\/p>\n<p>Lulzim Basha dha dor\u00ebheqjen si kryetar i PD-s\u00eb pas presioneve t\u00eb shumta nga Grupi Parlamentar dhe Kolegji i Kryetar\u00ebve, pas disa humbjeve radhazi n\u00eb zgjedhje. N\u00eb deklarat\u00ebn e tij, ai tha se po b\u00ebnte nj\u00eb hap pas p\u00ebr t\u00eb bashkuar demokrat\u00ebt, por shtoi se do t\u00eb vijoj\u00eb q\u00ebndrimin n\u00eb PD. Nuk dihet n\u00ebse Basha do t\u00eb kandidoj\u00eb s\u00ebrish p\u00ebr t\u2019u rizgjedhur kryetar partie, pasi drejtimin e PD-s\u00eb e ka marr\u00eb Komisioni i Rithemelimit.<\/p>\n","protected":false},"excerpt":{"rendered":"<p>Dor\u00ebheqja si kryetar i Partis\u00eb Demokratike e la Lulzim Bash\u00ebn pa nj\u00eb zyr\u00eb n\u00eb selin\u00eb blu, pasi zyr\u00ebn e kryetarit q\u00eb e mbajti p\u00ebr rreth 9 vite e zbrazi dit\u00ebn e djeshme. Nd\u00ebrkoh\u00eb, burime p\u00ebr mediat b\u00ebjn\u00eb me dije se ai ka marr\u00eb nj\u00eb tjet\u00ebr zyr\u00eb jasht\u00eb selis\u00eb s\u00eb Partis\u00eb Demokratike. Zyra e re \u00ebsht\u00eb [&hellip;]<\/p>\n","protected":false},"author":2031,"featured_media":247014,"comment_status":"closed","ping_status":"closed","sticky":false,"template":"","format":"standard","meta":{"footnotes":""},"categories":[231],"tags":[],"class_list":{"0":"post-247013","1":"post","2":"type-post","3":"status-publish","4":"format-standard","5":"has-post-thumbnail","7":"category-lajme"},"_links":{"self":[{"href":"https:\/\/zjarr.tv\/sq\/wp-json\/wp\/v2\/posts\/247013","targetHints":{"allow":["GET"]}}],"collection":[{"href":"https:\/\/zjarr.tv\/sq\/wp-json\/wp\/v2\/posts"}],"about":[{"href":"https:\/\/zjarr.tv\/sq\/wp-json\/wp\/v2\/types\/post"}],"author":[{"embeddable":true,"href":"https:\/\/zjarr.tv\/sq\/wp-json\/wp\/v2\/users\/2031"}],"replies":[{"embeddable":true,"href":"https:\/\/zjarr.tv\/sq\/wp-json\/wp\/v2\/comments?post=247013"}],"version-history":[{"count":0,"href":"https:\/\/zjarr.tv\/sq\/wp-json\/wp\/v2\/posts\/247013\/revisions"}],"wp:featuredmedia":[{"embeddable":true,"href":"https:\/\/zjarr.tv\/sq\/wp-json\/wp\/v2\/media\/247014"}],"wp:attachment":[{"href":"https:\/\/zjarr.tv\/sq\/wp-json\/wp\/v2\/media?parent=247013"}],"wp:term":[{"taxonomy":"category","embeddable":true,"href":"https:\/\/zjarr.tv\/sq\/wp-json\/wp\/v2\/categories?post=247013"},{"taxonomy":"post_tag","embeddable":true,"href":"https:\/\/zjarr.tv\/sq\/wp-json\/wp\/v2\/tags?post=247013"}],"curies":[{"name":"wp","href":"https:\/\/api.w.org\/{rel}","templated":true}]}}