{"id":247026,"date":"2022-03-28T08:23:39","date_gmt":"2022-03-28T06:23:39","guid":{"rendered":"https:\/\/zjarr.tv\/?p=247026"},"modified":"2022-03-28T08:23:39","modified_gmt":"2022-03-28T06:23:39","slug":"me-leva-dhe-fresibel-pamje-nga-cmontimi-i-pd-shikoni-si-e-kishte-blinduar-lul-basha-tre-burra-nuk-shtyjne-dot-nje-dere-hekuri","status":"publish","type":"post","link":"https:\/\/zjarr.tv\/sq\/me-leva-dhe-fresibel-pamje-nga-cmontimi-i-pd-shikoni-si-e-kishte-blinduar-lul-basha-tre-burra-nuk-shtyjne-dot-nje-dere-hekuri\/","title":{"rendered":"Me leva dhe fresib\u00ebl\/ PAMJE nga \u00c7MONTIMI I PD: Shikoni si e kishte \u201cblinduar\u201d Lul Basha, tre burra nuk shtyjn\u00eb dot nj\u00eb der\u00eb hekuri"},"content":{"rendered":"<p>8 janari do t\u00eb mbahet mend gjat\u00eb nga demokrat\u00ebt. Selia dhe oborri i Partis\u00eb Demokratike u rrethuan me shirita \u201csken\u00eb krimi\u201d dhe aty zbarkuan dhjet\u00ebra oficer\u00eb t\u00eb kriminalistik\u00ebs, pas nj\u00eb beteje disa or\u00ebshe mes mb\u00ebshtet\u00ebsve t\u00eb Berish\u00ebs dhe atyre t\u00eb Bash\u00ebs.<\/p>\n<p>Njer\u00ebzit e ish-kryeministrit p\u00ebrdor\u00ebn \u00e7do mjet p\u00ebr t\u00eb marr\u00eb selin\u00eb, por d\u00ebshtuan pasi dit\u00eb m\u00eb par\u00eb ajo ishte p\u00ebrgatitur p\u00ebr k\u00ebt\u00eb sulm. Me urdh\u00ebr t\u00eb kryetarit tashm\u00eb t\u00eb dor\u00ebhequr, Lulzim Basha, dyert ishin blinduar me hekur q\u00eb e kalonin trash\u00ebsin\u00eb 30 cm.<\/p>\n<p>Dy dit\u00eb m\u00eb par\u00eb, selia e PD ka nisur t\u00eb \u00e7montohet dhe pamjet q\u00eb vijn\u00eb prej atje jan\u00eb v\u00ebrtet t\u00eb \u201c\u00e7mendura\u201d. Dyer t\u00eb fortifikuara me hekur sikur t\u00eb b\u00ebhej fjal\u00eb p\u00ebr luft\u00eb dhe jo selin\u00eb e nj\u00eb partie q\u00eb mban dhe emrin \u201cdemokratike\u201d. <\/p>\n<p>Pun\u00ebtor\u00eb me fresib\u00ebl dhe leva p\u00ebrpiqen t\u00eb shqyejn\u00eb nga muret blindat e hekurit. Pamjet, tregojn\u00eb qart\u00eb nivelin e blindimit q\u00eb kishte urdh\u00ebruar Lulzim Basha, ku as tre burra nuk l\u00ebvizin dot nj\u00eb der\u00eb p\u00ebr shkak t\u00eb pesh\u00ebs s\u00eb saj dhe p\u00ebrb\u00ebrjes s\u00eb \u00e7elikt\u00eb.<\/p>\n","protected":false},"excerpt":{"rendered":"<p>8 janari do t\u00eb mbahet mend gjat\u00eb nga demokrat\u00ebt. Selia dhe oborri i Partis\u00eb Demokratike u rrethuan me shirita \u201csken\u00eb krimi\u201d dhe aty zbarkuan dhjet\u00ebra oficer\u00eb t\u00eb kriminalistik\u00ebs, pas nj\u00eb beteje disa or\u00ebshe mes mb\u00ebshtet\u00ebsve t\u00eb Berish\u00ebs dhe atyre t\u00eb Bash\u00ebs. Njer\u00ebzit e ish-kryeministrit p\u00ebrdor\u00ebn \u00e7do mjet p\u00ebr t\u00eb marr\u00eb selin\u00eb, por d\u00ebshtuan pasi dit\u00eb [&hellip;]<\/p>\n","protected":false},"author":2031,"featured_media":247027,"comment_status":"closed","ping_status":"closed","sticky":false,"template":"","format":"standard","meta":{"footnotes":""},"categories":[231],"tags":[],"class_list":{"0":"post-247026","1":"post","2":"type-post","3":"status-publish","4":"format-standard","5":"has-post-thumbnail","7":"category-lajme"},"_links":{"self":[{"href":"https:\/\/zjarr.tv\/sq\/wp-json\/wp\/v2\/posts\/247026","targetHints":{"allow":["GET"]}}],"collection":[{"href":"https:\/\/zjarr.tv\/sq\/wp-json\/wp\/v2\/posts"}],"about":[{"href":"https:\/\/zjarr.tv\/sq\/wp-json\/wp\/v2\/types\/post"}],"author":[{"embeddable":true,"href":"https:\/\/zjarr.tv\/sq\/wp-json\/wp\/v2\/users\/2031"}],"replies":[{"embeddable":true,"href":"https:\/\/zjarr.tv\/sq\/wp-json\/wp\/v2\/comments?post=247026"}],"version-history":[{"count":0,"href":"https:\/\/zjarr.tv\/sq\/wp-json\/wp\/v2\/posts\/247026\/revisions"}],"wp:featuredmedia":[{"embeddable":true,"href":"https:\/\/zjarr.tv\/sq\/wp-json\/wp\/v2\/media\/247027"}],"wp:attachment":[{"href":"https:\/\/zjarr.tv\/sq\/wp-json\/wp\/v2\/media?parent=247026"}],"wp:term":[{"taxonomy":"category","embeddable":true,"href":"https:\/\/zjarr.tv\/sq\/wp-json\/wp\/v2\/categories?post=247026"},{"taxonomy":"post_tag","embeddable":true,"href":"https:\/\/zjarr.tv\/sq\/wp-json\/wp\/v2\/tags?post=247026"}],"curies":[{"name":"wp","href":"https:\/\/api.w.org\/{rel}","templated":true}]}}