{"id":247065,"date":"2022-03-28T11:40:38","date_gmt":"2022-03-28T09:40:38","guid":{"rendered":"https:\/\/zjarr.tv\/?p=247065"},"modified":"2022-03-28T11:40:38","modified_gmt":"2022-03-28T09:40:38","slug":"manjani-ironizon-ramen-udheheqesi-i-madh-ka-leshu-pllumat-jo-satelitet","status":"publish","type":"post","link":"https:\/\/zjarr.tv\/sq\/manjani-ironizon-ramen-udheheqesi-i-madh-ka-leshu-pllumat-jo-satelitet\/","title":{"rendered":"Manjani ironizon Ram\u00ebn: Udh\u00ebheq\u00ebsi i madh ka l\u00ebshu pllumat, jo satelit\u00ebt"},"content":{"rendered":"<p>Nga Ylli Manjani<\/p>\n<p>Me gjith\u00eb at\u00eb hekur q\u00eb paska p\u00ebrdorur, mund t\u00eb kishte blinduar Teatrin dhe disa sht\u00ebpi te \u20185 maji\u2019 p\u00ebr t\u2019i mbrojtur nga shembja abuzive e pushtetit.<\/p>\n<p>Kaq t\u00eb b\u00ebnte dhe SHQUP-in e kishte t\u00eb fituar.<\/p>\n<p>\u201cDo kalojn\u00eb mbi trupin tim\u201d, nuk mjaftoi. Ia b\u00ebn\u00eb trupin autostrad\u00eb duke kaluar p\u00ebr qejf dhe me shpejt\u00ebsi t\u00eb lart\u00eb madje.<\/p>\n<p>Si erdh\u00ebn pun\u00ebt, m\u00eb mir\u00eb q\u00eb ndodhi k\u00ebshtu. Do kishte blinduar kryeministrin\u00eb\u2026<\/p>\n<p>****<\/p>\n<p>Nejse, sot \u00ebsht\u00eb 28 mars 2022.<\/p>\n<p>245L\/litri i naft\u00ebs.<\/p>\n<p>Udh\u00ebheq\u00ebsi i madh ka l\u00ebshu pllumat, jo satelit\u00ebt.<\/p>\n","protected":false},"excerpt":{"rendered":"<p>Nga Ylli Manjani Me gjith\u00eb at\u00eb hekur q\u00eb paska p\u00ebrdorur, mund t\u00eb kishte blinduar Teatrin dhe disa sht\u00ebpi te \u20185 maji\u2019 p\u00ebr t\u2019i mbrojtur nga shembja abuzive e pushtetit. Kaq t\u00eb b\u00ebnte dhe SHQUP-in e kishte t\u00eb fituar. \u201cDo kalojn\u00eb mbi trupin tim\u201d, nuk mjaftoi. Ia b\u00ebn\u00eb trupin autostrad\u00eb duke kaluar p\u00ebr qejf dhe me [&hellip;]<\/p>\n","protected":false},"author":2030,"featured_media":247066,"comment_status":"closed","ping_status":"closed","sticky":false,"template":"","format":"standard","meta":{"footnotes":""},"categories":[241,3366,5380,231,1454],"tags":[],"class_list":{"0":"post-247065","1":"post","2":"type-post","3":"status-publish","4":"format-standard","5":"has-post-thumbnail","7":"category-aktualitet","8":"category-koment","9":"category-kryesore","10":"category-lajme","11":"category-politike"},"_links":{"self":[{"href":"https:\/\/zjarr.tv\/sq\/wp-json\/wp\/v2\/posts\/247065","targetHints":{"allow":["GET"]}}],"collection":[{"href":"https:\/\/zjarr.tv\/sq\/wp-json\/wp\/v2\/posts"}],"about":[{"href":"https:\/\/zjarr.tv\/sq\/wp-json\/wp\/v2\/types\/post"}],"author":[{"embeddable":true,"href":"https:\/\/zjarr.tv\/sq\/wp-json\/wp\/v2\/users\/2030"}],"replies":[{"embeddable":true,"href":"https:\/\/zjarr.tv\/sq\/wp-json\/wp\/v2\/comments?post=247065"}],"version-history":[{"count":0,"href":"https:\/\/zjarr.tv\/sq\/wp-json\/wp\/v2\/posts\/247065\/revisions"}],"wp:featuredmedia":[{"embeddable":true,"href":"https:\/\/zjarr.tv\/sq\/wp-json\/wp\/v2\/media\/247066"}],"wp:attachment":[{"href":"https:\/\/zjarr.tv\/sq\/wp-json\/wp\/v2\/media?parent=247065"}],"wp:term":[{"taxonomy":"category","embeddable":true,"href":"https:\/\/zjarr.tv\/sq\/wp-json\/wp\/v2\/categories?post=247065"},{"taxonomy":"post_tag","embeddable":true,"href":"https:\/\/zjarr.tv\/sq\/wp-json\/wp\/v2\/tags?post=247065"}],"curies":[{"name":"wp","href":"https:\/\/api.w.org\/{rel}","templated":true}]}}