{"id":247075,"date":"2022-03-28T11:55:56","date_gmt":"2022-03-28T09:55:56","guid":{"rendered":"https:\/\/zjarr.tv\/?p=247075"},"modified":"2022-03-28T11:55:56","modified_gmt":"2022-03-28T09:55:56","slug":"aktori-i-njohur-i-beri-kerkesen-qe-nuk-e-priste-ja-si-reagon-evi-kokalari","status":"publish","type":"post","link":"https:\/\/zjarr.tv\/sq\/aktori-i-njohur-i-beri-kerkesen-qe-nuk-e-priste-ja-si-reagon-evi-kokalari\/","title":{"rendered":"Aktori i njohur i b\u00ebri k\u00ebrkes\u00ebn q\u00eb nuk e priste, ja si reagon Evi Kokalari"},"content":{"rendered":"<p>Bes Kallaku, i shnd\u00ebrruar n\u00eb personazhin Gjini dit\u00ebn e djeshme te \u201cKosherja\u201d, ka takuar aktivisten Evi Kokalari, me t\u00eb cil\u00ebn ndan t\u00eb nj\u00ebjta bindje politike.<\/p>\n<p>\u201cU desh t\u00eb vinte Evi nga Amerika, q\u00eb t\u00eb hynte dinosauri n\u00eb PD\u201d, tha ai.<\/p>\n<p>M\u00eb tej, Gjini i ka l\u00ebn\u00eb Kokalarit nj\u00eb porosi p\u00ebr deputeten Grida Duma.<\/p>\n<p>\u201cTi po t\u00eb vune para t\u00eb mb\u00ebshtjell\u00eb. Po nj\u00eb gj\u00eb, vet\u00ebm nj\u00eb gj\u00eb t\u00eb vog\u00ebl. Grida Dum\u00ebn mos ma prek. Vet\u00ebm Grida Dum\u00ebn mos ma prek, me t\u00eb tjer\u00ebt mbaro pun\u00eb sa t\u00eb duash\u201d, i k\u00ebrkoi ai.<\/p>\n<p>Nd\u00ebrsa Kokalari e pyeti: \u201cPse ta l\u00eb Grid\u00ebn rehat?\u201d.<\/p>\n<p>\u201cSe Grid\u00ebn e kam pik\u00eb t\u00eb dob\u00ebt, e kam debules\u00eb\u201d, u p\u00ebrgjigj Gjini i emocionuar duke shkaktuar shum\u00eb t\u00eb qeshura.<\/p>\n","protected":false},"excerpt":{"rendered":"<p>Bes Kallaku, i shnd\u00ebrruar n\u00eb personazhin Gjini dit\u00ebn e djeshme te \u201cKosherja\u201d, ka takuar aktivisten Evi Kokalari, me t\u00eb cil\u00ebn ndan t\u00eb nj\u00ebjta bindje politike. \u201cU desh t\u00eb vinte Evi nga Amerika, q\u00eb t\u00eb hynte dinosauri n\u00eb PD\u201d, tha ai. M\u00eb tej, Gjini i ka l\u00ebn\u00eb Kokalarit nj\u00eb porosi p\u00ebr deputeten Grida Duma. \u201cTi po [&hellip;]<\/p>\n","protected":false},"author":2030,"featured_media":247076,"comment_status":"closed","ping_status":"closed","sticky":false,"template":"","format":"standard","meta":{"footnotes":""},"categories":[241,3366,5380,231],"tags":[],"class_list":{"0":"post-247075","1":"post","2":"type-post","3":"status-publish","4":"format-standard","5":"has-post-thumbnail","7":"category-aktualitet","8":"category-koment","9":"category-kryesore","10":"category-lajme"},"_links":{"self":[{"href":"https:\/\/zjarr.tv\/sq\/wp-json\/wp\/v2\/posts\/247075","targetHints":{"allow":["GET"]}}],"collection":[{"href":"https:\/\/zjarr.tv\/sq\/wp-json\/wp\/v2\/posts"}],"about":[{"href":"https:\/\/zjarr.tv\/sq\/wp-json\/wp\/v2\/types\/post"}],"author":[{"embeddable":true,"href":"https:\/\/zjarr.tv\/sq\/wp-json\/wp\/v2\/users\/2030"}],"replies":[{"embeddable":true,"href":"https:\/\/zjarr.tv\/sq\/wp-json\/wp\/v2\/comments?post=247075"}],"version-history":[{"count":0,"href":"https:\/\/zjarr.tv\/sq\/wp-json\/wp\/v2\/posts\/247075\/revisions"}],"wp:featuredmedia":[{"embeddable":true,"href":"https:\/\/zjarr.tv\/sq\/wp-json\/wp\/v2\/media\/247076"}],"wp:attachment":[{"href":"https:\/\/zjarr.tv\/sq\/wp-json\/wp\/v2\/media?parent=247075"}],"wp:term":[{"taxonomy":"category","embeddable":true,"href":"https:\/\/zjarr.tv\/sq\/wp-json\/wp\/v2\/categories?post=247075"},{"taxonomy":"post_tag","embeddable":true,"href":"https:\/\/zjarr.tv\/sq\/wp-json\/wp\/v2\/tags?post=247075"}],"curies":[{"name":"wp","href":"https:\/\/api.w.org\/{rel}","templated":true}]}}