{"id":247080,"date":"2022-03-28T12:03:41","date_gmt":"2022-03-28T10:03:41","guid":{"rendered":"https:\/\/zjarr.tv\/?p=247080"},"modified":"2022-03-28T12:03:41","modified_gmt":"2022-03-28T10:03:41","slug":"milaim-zeka-ja-kush-ka-qene-ndermjetesi-i-lidhjes-mes-shba-dhe-sali-berishes","status":"publish","type":"post","link":"https:\/\/zjarr.tv\/sq\/milaim-zeka-ja-kush-ka-qene-ndermjetesi-i-lidhjes-mes-shba-dhe-sali-berishes\/","title":{"rendered":"Milaim Zeka: Ja kush ka qen\u00eb nd\u00ebrmjet\u00ebsi i lidhjes mes SHBA dhe Sali Berish\u00ebs"},"content":{"rendered":"<p>Gazetari i njohur Milaim Zeka tha n\u00eb \u2018Rrethi Katror\u2019 se ish-kryeministri Sali Berisha ka qen\u00eb n\u00eb kontakt me SHBA n\u00ebp\u00ebrmjet Elez Biberajt.<\/p>\n<p>Deklarata e Zek\u00ebs:<\/p>\n<p>\u201cLinjat kryesore me Sali Berish\u00ebn, SHBA i ka mbajtur n\u00ebp\u00ebrmjet Elez Biberajt. N\u00eb momentin q\u00eb u prish marr\u00ebdh\u00ebnia e Sali Berish\u00ebs me Biberajn, u t\u00ebrhoq\u00ebn amerikan\u00ebt\u201d, tha Zeka.<\/p>\n","protected":false},"excerpt":{"rendered":"<p>Gazetari i njohur Milaim Zeka tha n\u00eb \u2018Rrethi Katror\u2019 se ish-kryeministri Sali Berisha ka qen\u00eb n\u00eb kontakt me SHBA n\u00ebp\u00ebrmjet Elez Biberajt. Deklarata e Zek\u00ebs: \u201cLinjat kryesore me Sali Berish\u00ebn, SHBA i ka mbajtur n\u00ebp\u00ebrmjet Elez Biberajt. N\u00eb momentin q\u00eb u prish marr\u00ebdh\u00ebnia e Sali Berish\u00ebs me Biberajn, u t\u00ebrhoq\u00ebn amerikan\u00ebt\u201d, tha Zeka.<\/p>\n","protected":false},"author":2030,"featured_media":247083,"comment_status":"closed","ping_status":"closed","sticky":false,"template":"","format":"standard","meta":{"footnotes":""},"categories":[241,3366,5380,231,1454],"tags":[],"class_list":{"0":"post-247080","1":"post","2":"type-post","3":"status-publish","4":"format-standard","5":"has-post-thumbnail","7":"category-aktualitet","8":"category-koment","9":"category-kryesore","10":"category-lajme","11":"category-politike"},"_links":{"self":[{"href":"https:\/\/zjarr.tv\/sq\/wp-json\/wp\/v2\/posts\/247080","targetHints":{"allow":["GET"]}}],"collection":[{"href":"https:\/\/zjarr.tv\/sq\/wp-json\/wp\/v2\/posts"}],"about":[{"href":"https:\/\/zjarr.tv\/sq\/wp-json\/wp\/v2\/types\/post"}],"author":[{"embeddable":true,"href":"https:\/\/zjarr.tv\/sq\/wp-json\/wp\/v2\/users\/2030"}],"replies":[{"embeddable":true,"href":"https:\/\/zjarr.tv\/sq\/wp-json\/wp\/v2\/comments?post=247080"}],"version-history":[{"count":0,"href":"https:\/\/zjarr.tv\/sq\/wp-json\/wp\/v2\/posts\/247080\/revisions"}],"wp:featuredmedia":[{"embeddable":true,"href":"https:\/\/zjarr.tv\/sq\/wp-json\/wp\/v2\/media\/247083"}],"wp:attachment":[{"href":"https:\/\/zjarr.tv\/sq\/wp-json\/wp\/v2\/media?parent=247080"}],"wp:term":[{"taxonomy":"category","embeddable":true,"href":"https:\/\/zjarr.tv\/sq\/wp-json\/wp\/v2\/categories?post=247080"},{"taxonomy":"post_tag","embeddable":true,"href":"https:\/\/zjarr.tv\/sq\/wp-json\/wp\/v2\/tags?post=247080"}],"curies":[{"name":"wp","href":"https:\/\/api.w.org\/{rel}","templated":true}]}}