{"id":247087,"date":"2022-03-28T12:14:41","date_gmt":"2022-03-28T10:14:41","guid":{"rendered":"https:\/\/zjarr.tv\/?p=247087"},"modified":"2022-03-28T12:14:41","modified_gmt":"2022-03-28T10:14:41","slug":"heqja-e-dyerve-te-blinduara-flamur-noka-shkon-ne-seline-blu-dhe-ben-deklaraten-e-forte","status":"publish","type":"post","link":"https:\/\/zjarr.tv\/sq\/heqja-e-dyerve-te-blinduara-flamur-noka-shkon-ne-seline-blu-dhe-ben-deklaraten-e-forte\/","title":{"rendered":"Heqja e dyerve t\u00eb blinduara, Flamur Noka shkon n\u00eb selin\u00eb blu dhe b\u00ebn deklarat\u00ebn e forte"},"content":{"rendered":"<p>Flamur Noka ka shkuar sot n\u00eb selin\u00eb blu, ku tashm\u00eb dyert e blinduara, t\u00eb vendosura nga Lulzim Basha para protest\u00ebs s\u00eb dhunshme t\u00eb Berish\u00ebs m\u00eb 8 janar, tashm\u00eb jan\u00eb hequr.<\/p>\n<p>N\u00eb nj\u00eb prononcim p\u00ebr mediat, Flamur Noka u shpreh se PD \u00ebsht\u00eb tashm\u00eb si\u00e7 duhet t\u00eb jet\u00eb nj\u00eb forc\u00eb politike \u2018e hapur q\u00eb t\u00eb hyj\u00eb dielli dhe an\u00ebtar\u00ebt\u2019.<\/p>\n<p>Deklarata e Nok\u00ebs:<\/p>\n<p>\u201c\u00cbsht\u00eb si\u00e7 duhej t\u00eb ishte nj\u00eb forc\u00eb politike, e hapur q\u00eb t\u00eb hyj\u00eb dhe dielli dhe an\u00ebtar\u00ebt. Q\u00ebllimi yn\u00eb \u00ebsht\u00eb t\u00eb bashkuar, grupi parlamentar deri n\u00eb baz\u00eb\u201d, tha ai.<\/p>\n","protected":false},"excerpt":{"rendered":"<p>Flamur Noka ka shkuar sot n\u00eb selin\u00eb blu, ku tashm\u00eb dyert e blinduara, t\u00eb vendosura nga Lulzim Basha para protest\u00ebs s\u00eb dhunshme t\u00eb Berish\u00ebs m\u00eb 8 janar, tashm\u00eb jan\u00eb hequr. N\u00eb nj\u00eb prononcim p\u00ebr mediat, Flamur Noka u shpreh se PD \u00ebsht\u00eb tashm\u00eb si\u00e7 duhet t\u00eb jet\u00eb nj\u00eb forc\u00eb politike \u2018e hapur q\u00eb t\u00eb hyj\u00eb [&hellip;]<\/p>\n","protected":false},"author":2030,"featured_media":247090,"comment_status":"closed","ping_status":"closed","sticky":false,"template":"","format":"standard","meta":{"footnotes":""},"categories":[241,5380,231,1454],"tags":[],"class_list":{"0":"post-247087","1":"post","2":"type-post","3":"status-publish","4":"format-standard","5":"has-post-thumbnail","7":"category-aktualitet","8":"category-kryesore","9":"category-lajme","10":"category-politike"},"_links":{"self":[{"href":"https:\/\/zjarr.tv\/sq\/wp-json\/wp\/v2\/posts\/247087","targetHints":{"allow":["GET"]}}],"collection":[{"href":"https:\/\/zjarr.tv\/sq\/wp-json\/wp\/v2\/posts"}],"about":[{"href":"https:\/\/zjarr.tv\/sq\/wp-json\/wp\/v2\/types\/post"}],"author":[{"embeddable":true,"href":"https:\/\/zjarr.tv\/sq\/wp-json\/wp\/v2\/users\/2030"}],"replies":[{"embeddable":true,"href":"https:\/\/zjarr.tv\/sq\/wp-json\/wp\/v2\/comments?post=247087"}],"version-history":[{"count":0,"href":"https:\/\/zjarr.tv\/sq\/wp-json\/wp\/v2\/posts\/247087\/revisions"}],"wp:featuredmedia":[{"embeddable":true,"href":"https:\/\/zjarr.tv\/sq\/wp-json\/wp\/v2\/media\/247090"}],"wp:attachment":[{"href":"https:\/\/zjarr.tv\/sq\/wp-json\/wp\/v2\/media?parent=247087"}],"wp:term":[{"taxonomy":"category","embeddable":true,"href":"https:\/\/zjarr.tv\/sq\/wp-json\/wp\/v2\/categories?post=247087"},{"taxonomy":"post_tag","embeddable":true,"href":"https:\/\/zjarr.tv\/sq\/wp-json\/wp\/v2\/tags?post=247087"}],"curies":[{"name":"wp","href":"https:\/\/api.w.org\/{rel}","templated":true}]}}