{"id":247094,"date":"2022-03-28T12:20:28","date_gmt":"2022-03-28T10:20:28","guid":{"rendered":"https:\/\/zjarr.tv\/?p=247094"},"modified":"2022-03-28T12:20:28","modified_gmt":"2022-03-28T10:20:28","slug":"nuk-i-kemi-cuar-asnje-cakmak-flet-vellai-i-arben-micit-kishte-probleme-te-depresionit-shteti-u-tregua-neglizhent","status":"publish","type":"post","link":"https:\/\/zjarr.tv\/sq\/nuk-i-kemi-cuar-asnje-cakmak-flet-vellai-i-arben-micit-kishte-probleme-te-depresionit-shteti-u-tregua-neglizhent\/","title":{"rendered":"\u201cNuk i kemi \u00e7uar asnj\u00eb \u00e7akmak\u201d, flet v\u00ebllai i Arben Micit: Kishte probleme t\u00eb depresionit, shteti u tregua neglizhent"},"content":{"rendered":"<p>V\u00ebllai i Arben Micit, q\u00eb humbi jet\u00ebn n\u00eb komisariarin e Kamz\u00ebs, pas zjarrit q\u00eb dyshohet se i vuri vetes, hedh akuza t\u00eb forta p\u00ebr shtetin, q\u00eb sipas tij e kan\u00eb neglizhuar gjendjen e 26-vje\u00e7arit.<\/p>\n<p>Xhevahir Mici shprehet se nuk \u00ebsht\u00eb e v\u00ebrtet\u00eb q\u00eb i v\u00ebllai i tij ka dhunuar n\u00ebn\u00ebn, nd\u00ebrkoh\u00eb q\u00eb thot\u00eb se do ta ndjek\u00eb \u00e7\u00ebshtjen derisa t\u00eb vendoset drejt\u00ebsi.\u00a0 Mici shprehet se Arbeni vuante nga probleme t\u00eb sh\u00ebndetit mendor, por edhe pas shtrimit n\u00eb spital, ai \u00ebsht\u00eb nxjerr\u00eb n\u00eb gjendje jo t\u00eb mir\u00eb prej aty.<\/p>\n<p><em>\u201cK\u00ebrkoj drejt\u00ebsi sikur ti kishte ndodhur \u00e7dokujt, nuk \u00ebsht\u00eb e v\u00ebrtet\u00eb q\u00eb ka dhunuar n\u00ebn\u00ebn, ai kishte probleme t\u00eb depresionit, ishte u s\u00ebmur\u00eb, ne nuk i kemi d\u00ebrguar asnj\u00eb \u00e7akmak n\u00eb burg v\u00ebllait. P\u00ebr rastin e tij shtetit nuk \u00ebsht\u00eb interesuar fare. I gjith\u00eb problemi \u00ebsht\u00eb i shtetit, neglizhenca\u201d,<\/em> tha mes t\u00eb tjerave Mici.<\/p>\n","protected":false},"excerpt":{"rendered":"<p>V\u00ebllai i Arben Micit, q\u00eb humbi jet\u00ebn n\u00eb komisariarin e Kamz\u00ebs, pas zjarrit q\u00eb dyshohet se i vuri vetes, hedh akuza t\u00eb forta p\u00ebr shtetin, q\u00eb sipas tij e kan\u00eb neglizhuar gjendjen e 26-vje\u00e7arit. Xhevahir Mici shprehet se nuk \u00ebsht\u00eb e v\u00ebrtet\u00eb q\u00eb i v\u00ebllai i tij ka dhunuar n\u00ebn\u00ebn, nd\u00ebrkoh\u00eb q\u00eb thot\u00eb se do [&hellip;]<\/p>\n","protected":false},"author":2030,"featured_media":247097,"comment_status":"closed","ping_status":"closed","sticky":false,"template":"","format":"standard","meta":{"footnotes":""},"categories":[241,231],"tags":[],"class_list":{"0":"post-247094","1":"post","2":"type-post","3":"status-publish","4":"format-standard","5":"has-post-thumbnail","7":"category-aktualitet","8":"category-lajme"},"_links":{"self":[{"href":"https:\/\/zjarr.tv\/sq\/wp-json\/wp\/v2\/posts\/247094","targetHints":{"allow":["GET"]}}],"collection":[{"href":"https:\/\/zjarr.tv\/sq\/wp-json\/wp\/v2\/posts"}],"about":[{"href":"https:\/\/zjarr.tv\/sq\/wp-json\/wp\/v2\/types\/post"}],"author":[{"embeddable":true,"href":"https:\/\/zjarr.tv\/sq\/wp-json\/wp\/v2\/users\/2030"}],"replies":[{"embeddable":true,"href":"https:\/\/zjarr.tv\/sq\/wp-json\/wp\/v2\/comments?post=247094"}],"version-history":[{"count":0,"href":"https:\/\/zjarr.tv\/sq\/wp-json\/wp\/v2\/posts\/247094\/revisions"}],"wp:featuredmedia":[{"embeddable":true,"href":"https:\/\/zjarr.tv\/sq\/wp-json\/wp\/v2\/media\/247097"}],"wp:attachment":[{"href":"https:\/\/zjarr.tv\/sq\/wp-json\/wp\/v2\/media?parent=247094"}],"wp:term":[{"taxonomy":"category","embeddable":true,"href":"https:\/\/zjarr.tv\/sq\/wp-json\/wp\/v2\/categories?post=247094"},{"taxonomy":"post_tag","embeddable":true,"href":"https:\/\/zjarr.tv\/sq\/wp-json\/wp\/v2\/tags?post=247094"}],"curies":[{"name":"wp","href":"https:\/\/api.w.org\/{rel}","templated":true}]}}