{"id":247106,"date":"2022-03-28T12:46:27","date_gmt":"2022-03-28T10:46:27","guid":{"rendered":"https:\/\/zjarr.tv\/?p=247106"},"modified":"2022-03-28T12:46:27","modified_gmt":"2022-03-28T10:46:27","slug":"zgjidhet-kreu-i-ri-i-klp-se-ja-kush-e-zevendeson-gent-ibrahimin","status":"publish","type":"post","link":"https:\/\/zjarr.tv\/sq\/zgjidhet-kreu-i-ri-i-klp-se-ja-kush-e-zevendeson-gent-ibrahimin\/","title":{"rendered":"Zgjidhet kreu i ri i KLP-s\u00eb, ja kush e z\u00ebvend\u00ebson Gent Ibrahimin"},"content":{"rendered":"<p>K\u00ebshilli i Lart\u00eb i Prokuroris\u00eb n\u00eb mbledhjen e dit\u00eb s\u00eb sotme ka zgjedhur kryetarin e ri, i cili do t\u00eb z\u00ebvend\u00ebsoj\u00eb Gent Ibrahimin, t\u00eb cilit i p\u00ebrfundoi mandati.<\/p>\n<p>Alfred Balla do t\u00eb jet\u00eb kreu i ri i KLP-s\u00eb, pasi u zgjodh me 10 vota, teksa ishte i vet\u00ebm n\u00eb gar\u00eb. Balla deri m\u00eb sot mbante postin e zv.kryetarit t\u00eb KLP-s\u00eb.<\/p>\n<p>Ai ka p\u00ebrfunduar studimet e larta p\u00ebr drejt\u00ebsi n\u00eb vitin 1991 pran\u00eb \u201cUniversitetit t\u00eb Tiran\u00ebs\u201d; studimet pasuniversitare, master shkencor n\u00eb t\u00eb drejt\u00ebn penale n\u00eb vitin 2012 pran\u00eb Universitetit \u201cJustiniani I-r\u00eb\u201d dhe mban titullin Doktor i Shkencave Juridike (e drejt\u00eb penale) nga viti 2020 pran\u00eb \u201cUniversitetit Europian t\u00eb Tiran\u00ebs\u201d.<\/p>\n","protected":false},"excerpt":{"rendered":"<p>K\u00ebshilli i Lart\u00eb i Prokuroris\u00eb n\u00eb mbledhjen e dit\u00eb s\u00eb sotme ka zgjedhur kryetarin e ri, i cili do t\u00eb z\u00ebvend\u00ebsoj\u00eb Gent Ibrahimin, t\u00eb cilit i p\u00ebrfundoi mandati. Alfred Balla do t\u00eb jet\u00eb kreu i ri i KLP-s\u00eb, pasi u zgjodh me 10 vota, teksa ishte i vet\u00ebm n\u00eb gar\u00eb. Balla deri m\u00eb sot mbante [&hellip;]<\/p>\n","protected":false},"author":2030,"featured_media":247108,"comment_status":"closed","ping_status":"closed","sticky":false,"template":"","format":"standard","meta":{"footnotes":""},"categories":[241,3366,5380,231],"tags":[],"class_list":{"0":"post-247106","1":"post","2":"type-post","3":"status-publish","4":"format-standard","5":"has-post-thumbnail","7":"category-aktualitet","8":"category-koment","9":"category-kryesore","10":"category-lajme"},"_links":{"self":[{"href":"https:\/\/zjarr.tv\/sq\/wp-json\/wp\/v2\/posts\/247106","targetHints":{"allow":["GET"]}}],"collection":[{"href":"https:\/\/zjarr.tv\/sq\/wp-json\/wp\/v2\/posts"}],"about":[{"href":"https:\/\/zjarr.tv\/sq\/wp-json\/wp\/v2\/types\/post"}],"author":[{"embeddable":true,"href":"https:\/\/zjarr.tv\/sq\/wp-json\/wp\/v2\/users\/2030"}],"replies":[{"embeddable":true,"href":"https:\/\/zjarr.tv\/sq\/wp-json\/wp\/v2\/comments?post=247106"}],"version-history":[{"count":0,"href":"https:\/\/zjarr.tv\/sq\/wp-json\/wp\/v2\/posts\/247106\/revisions"}],"wp:featuredmedia":[{"embeddable":true,"href":"https:\/\/zjarr.tv\/sq\/wp-json\/wp\/v2\/media\/247108"}],"wp:attachment":[{"href":"https:\/\/zjarr.tv\/sq\/wp-json\/wp\/v2\/media?parent=247106"}],"wp:term":[{"taxonomy":"category","embeddable":true,"href":"https:\/\/zjarr.tv\/sq\/wp-json\/wp\/v2\/categories?post=247106"},{"taxonomy":"post_tag","embeddable":true,"href":"https:\/\/zjarr.tv\/sq\/wp-json\/wp\/v2\/tags?post=247106"}],"curies":[{"name":"wp","href":"https:\/\/api.w.org\/{rel}","templated":true}]}}