{"id":247113,"date":"2022-03-28T12:52:07","date_gmt":"2022-03-28T10:52:07","guid":{"rendered":"https:\/\/zjarr.tv\/?p=247113"},"modified":"2022-03-28T12:58:34","modified_gmt":"2022-03-28T10:58:34","slug":"plas-sherri-mes-policise-dhe-pronareve-ikmt-shemb-objektet-ne-bregdetin-e-vlores","status":"publish","type":"post","link":"https:\/\/zjarr.tv\/sq\/plas-sherri-mes-policise-dhe-pronareve-ikmt-shemb-objektet-ne-bregdetin-e-vlores\/","title":{"rendered":"Plas sherri mes policis\u00eb dhe pronar\u00ebve, IKMT shemb objektet n\u00eb bregdetin e Vlor\u00ebs"},"content":{"rendered":"<p>\u00cbsht\u00eb p\u00ebrshkall\u00ebzuar situata n\u00eb Radhim\u00eb t\u00eb Vlor\u00ebs ku pronar\u00ebt e objekteve jan\u00eb p\u00ebrleshur me policin\u00eb e cila s\u00eb bashku me IKMT ka vijuar aksionin p\u00ebr shembjen e nd\u00ebrtesave.<\/p>\n<p>IKMT ka vijuar k\u00ebt\u00eb t\u00eb h\u00ebn\u00eb prishjen e objekteve n\u00eb bregdet nd\u00ebrsa \u00ebsht\u00eb ndalur n\u00eb zon\u00ebn e Radhim\u00ebs. T\u00eb shoq\u00ebruar nga forca te shumta policie IKMT nd\u00ebrhyrje n\u00eb nj\u00eb lokal dhe nj\u00eb hotel 3-katesh ne Radhim\u00eb. Sipas IKMT nd\u00ebrhyrja p\u00ebr objekte t\u00eb cilat nuk jan\u00eb klasifikuar nga procesi i legalizimit. Nd\u00ebrkoh\u00eb nd\u00ebrhyrje \u00ebsht\u00eb kund\u00ebrshtuar nga pronar\u00eb t\u00eb hotelit.<\/p>\n","protected":false},"excerpt":{"rendered":"<p>\u00cbsht\u00eb p\u00ebrshkall\u00ebzuar situata n\u00eb Radhim\u00eb t\u00eb Vlor\u00ebs ku pronar\u00ebt e objekteve jan\u00eb p\u00ebrleshur me policin\u00eb e cila s\u00eb bashku me IKMT ka vijuar aksionin p\u00ebr shembjen e nd\u00ebrtesave. IKMT ka vijuar k\u00ebt\u00eb t\u00eb h\u00ebn\u00eb prishjen e objekteve n\u00eb bregdet nd\u00ebrsa \u00ebsht\u00eb ndalur n\u00eb zon\u00ebn e Radhim\u00ebs. T\u00eb shoq\u00ebruar nga forca te shumta policie IKMT nd\u00ebrhyrje [&hellip;]<\/p>\n","protected":false},"author":2030,"featured_media":247117,"comment_status":"closed","ping_status":"closed","sticky":false,"template":"","format":"standard","meta":{"footnotes":""},"categories":[241,231],"tags":[],"class_list":{"0":"post-247113","1":"post","2":"type-post","3":"status-publish","4":"format-standard","5":"has-post-thumbnail","7":"category-aktualitet","8":"category-lajme"},"_links":{"self":[{"href":"https:\/\/zjarr.tv\/sq\/wp-json\/wp\/v2\/posts\/247113","targetHints":{"allow":["GET"]}}],"collection":[{"href":"https:\/\/zjarr.tv\/sq\/wp-json\/wp\/v2\/posts"}],"about":[{"href":"https:\/\/zjarr.tv\/sq\/wp-json\/wp\/v2\/types\/post"}],"author":[{"embeddable":true,"href":"https:\/\/zjarr.tv\/sq\/wp-json\/wp\/v2\/users\/2030"}],"replies":[{"embeddable":true,"href":"https:\/\/zjarr.tv\/sq\/wp-json\/wp\/v2\/comments?post=247113"}],"version-history":[{"count":0,"href":"https:\/\/zjarr.tv\/sq\/wp-json\/wp\/v2\/posts\/247113\/revisions"}],"wp:featuredmedia":[{"embeddable":true,"href":"https:\/\/zjarr.tv\/sq\/wp-json\/wp\/v2\/media\/247117"}],"wp:attachment":[{"href":"https:\/\/zjarr.tv\/sq\/wp-json\/wp\/v2\/media?parent=247113"}],"wp:term":[{"taxonomy":"category","embeddable":true,"href":"https:\/\/zjarr.tv\/sq\/wp-json\/wp\/v2\/categories?post=247113"},{"taxonomy":"post_tag","embeddable":true,"href":"https:\/\/zjarr.tv\/sq\/wp-json\/wp\/v2\/tags?post=247113"}],"curies":[{"name":"wp","href":"https:\/\/api.w.org\/{rel}","templated":true}]}}