{"id":247119,"date":"2022-03-28T13:01:03","date_gmt":"2022-03-28T11:01:03","guid":{"rendered":"https:\/\/zjarr.tv\/?p=247119"},"modified":"2022-03-28T13:01:03","modified_gmt":"2022-03-28T11:01:03","slug":"meta-dekreton-ligjin-per-sigurimet-shoqerore-kosove-shqiperi","status":"publish","type":"post","link":"https:\/\/zjarr.tv\/sq\/meta-dekreton-ligjin-per-sigurimet-shoqerore-kosove-shqiperi\/","title":{"rendered":"Meta dekreton ligjin p\u00ebr sigurimet shoq\u00ebrore Kosov\u00eb-Shqip\u00ebri"},"content":{"rendered":"<p>Presidenti Ilir Meta ka dekretuar ligjin p\u00ebr sigurimet shoq\u00ebrire mes Shqip\u00ebris\u00eb dhe Kosov\u00ebs. Sipas kreut t\u00eb shtetit, mes Kosov\u00ebs dhe Shqip\u00ebris\u00eb, nuk duhet t\u00eb ket\u00eb asnj\u00eb barrier\u00eb q\u00eb pengon qytetar\u00ebt nga t\u00eb dy an\u00ebt e kufirit, t\u00eb p\u00ebrfitojn\u00eb nga skemat e mbrojtjes shoq\u00ebrore.<\/p>\n<p>Meta ka dekretuar me shpallje edhe dy ligje t\u00eb tjera.<\/p>\n<p>Njoftim i Institucionit t\u00eb Presidentit t\u00eb Republik\u00ebs<\/p>\n<p>28 mars 2022<\/p>\n<p>Presidenti i Republik\u00ebs, Sh.T.Z. Ilir Meta, ka dekretuar me shpallje k\u00ebto ligje:<\/p>\n<p>Ligj nr. 22\/2022 \u201cP\u00ebr ratifikimin e marr\u00ebveshjes nd\u00ebrmjet Republik\u00ebs s\u00eb Shqip\u00ebris\u00eb dhe Bashkimit Europian p\u00ebr pjes\u00ebmarrjen e Republik\u00ebs s\u00eb Shqip\u00ebris\u00eb n\u00eb programin Europa Krijuese (2021-2027)\u201d.<\/p>\n<p>Aderimi i Republik\u00ebs s\u00eb Shqip\u00ebris\u00eb n\u00eb Programin \u201cEuropa Krijuese: krijon nj\u00eb dritare t\u00eb re, q\u00eb u mund\u00ebson t\u00eb drejt\u00ebn subjekteve juridike t\u00eb s\u00eb drejt\u00ebs shqiptare, t\u00eb cil\u00ebt operojn\u00eb n\u00eb fush\u00ebn e kultur\u00ebs e artit, t\u00eb aplikojn\u00eb dhe t\u00eb marrin pjes\u00eb n\u00eb aktivitetet e Programit Europa Krijuese (2021-2027), duke p\u00ebrfituar mb\u00ebshtetje financiare, nd\u00ebrvepruar dhe shk\u00ebmbyer praktikat m\u00eb t\u00eb mira me aktor\u00eb t\u00eb tjer\u00eb t\u00eb fushave prioritare t\u00eb k\u00ebtij programi n\u00eb nivel europian.<\/p>\n<p>Ligj nr. 23\/2022 \u201cP\u00ebr ratifikimin e marr\u00ebveshjes nd\u00ebrmjet Republik\u00ebs s\u00eb Shqip\u00ebris\u00eb dhe Republik\u00ebs s\u00eb Kosov\u00ebs p\u00ebr sigurime shoq\u00ebrore\u201d.<\/p>\n<p>Krijimi i mund\u00ebsive t\u00eb p\u00ebrfitimit t\u00eb pensioneve nga shqiptar\u00ebt q\u00eb jetojn\u00eb e punojn\u00eb n\u00eb Kosov\u00eb, si dhe p\u00ebr shtetasit kosovar\u00eb, t\u00eb cil\u00ebt vijn\u00eb p\u00ebr t\u00eb punuar n\u00eb Shqip\u00ebri, \u00ebsht\u00eb i vonuar. Mes Kosov\u00ebs dhe Shqip\u00ebris\u00eb, nuk duhet t\u00eb ket\u00eb asnj\u00eb barrier\u00eb q\u00eb pengon qytetar\u00ebt nga t\u00eb dy an\u00ebt e kufirit, t\u00eb p\u00ebrfitojn\u00eb nga skemat e mbrojtjes shoq\u00ebrore, duke respektuar parimin e trajtimit t\u00eb barabart\u00eb, me synimin par\u00ebsor p\u00ebr mir\u00ebqenien m\u00eb t\u00eb lart\u00eb dhe trajtimin m\u00eb t\u00eb mir\u00eb t\u00eb tyre.<\/p>\n<p>Ligj nr. 24\/2022 \u201cP\u00ebr ratifikimin e marr\u00ebveshjes nd\u00ebrmjet K\u00ebshillit t\u00eb Ministrave t\u00eb Republik\u00ebs s\u00eb Shqip\u00ebris\u00eb dhe qeveris\u00eb s\u00eb Republik\u00ebs s\u00eb Kosov\u00ebs p\u00ebr rregullat e regjimit t\u00eb trafikut lokal t\u00eb kufirit\u201d. Miratimi i k\u00ebsaj marr\u00ebveshjeje me Republik\u00ebn e Kosov\u00ebs \u00ebsht\u00eb vet\u00ebm hapi i par\u00eb drejt thjesht\u00ebzimit e leht\u00ebsimit t\u00eb procedurave dhe t\u00eb masave t\u00eb lidhura me regjimin e trafikut kufitar lokal e t\u00eb lejeve p\u00ebr k\u00ebt\u00eb q\u00ebllim p\u00ebrgjat\u00eb kufirit.<\/p>\n<p>P\u00ebr t\u00eb mund\u00ebsuar realisht leht\u00ebsimin e qarkullimin e banor\u00ebve t\u00eb zonave kufitare, nevojitet q\u00eb autoritete shqiptare t\u00eb marrin pa vones\u00eb masa p\u00ebr nxjerrjen e akteve rregullator\u00eb n\u00eb zbatim t\u00eb marr\u00ebveshjes, duke shmangur \u00e7do lloj burokracie.<\/p>\n","protected":false},"excerpt":{"rendered":"<p>Presidenti Ilir Meta ka dekretuar ligjin p\u00ebr sigurimet shoq\u00ebrire mes Shqip\u00ebris\u00eb dhe Kosov\u00ebs. Sipas kreut t\u00eb shtetit, mes Kosov\u00ebs dhe Shqip\u00ebris\u00eb, nuk duhet t\u00eb ket\u00eb asnj\u00eb barrier\u00eb q\u00eb pengon qytetar\u00ebt nga t\u00eb dy an\u00ebt e kufirit, t\u00eb p\u00ebrfitojn\u00eb nga skemat e mbrojtjes shoq\u00ebrore. Meta ka dekretuar me shpallje edhe dy ligje t\u00eb tjera. Njoftim i [&hellip;]<\/p>\n","protected":false},"author":2020,"featured_media":159100,"comment_status":"closed","ping_status":"closed","sticky":false,"template":"","format":"standard","meta":{"footnotes":""},"categories":[241,5380,231],"tags":[],"class_list":{"0":"post-247119","1":"post","2":"type-post","3":"status-publish","4":"format-standard","5":"has-post-thumbnail","7":"category-aktualitet","8":"category-kryesore","9":"category-lajme"},"_links":{"self":[{"href":"https:\/\/zjarr.tv\/sq\/wp-json\/wp\/v2\/posts\/247119","targetHints":{"allow":["GET"]}}],"collection":[{"href":"https:\/\/zjarr.tv\/sq\/wp-json\/wp\/v2\/posts"}],"about":[{"href":"https:\/\/zjarr.tv\/sq\/wp-json\/wp\/v2\/types\/post"}],"author":[{"embeddable":true,"href":"https:\/\/zjarr.tv\/sq\/wp-json\/wp\/v2\/users\/2020"}],"replies":[{"embeddable":true,"href":"https:\/\/zjarr.tv\/sq\/wp-json\/wp\/v2\/comments?post=247119"}],"version-history":[{"count":0,"href":"https:\/\/zjarr.tv\/sq\/wp-json\/wp\/v2\/posts\/247119\/revisions"}],"wp:featuredmedia":[{"embeddable":true,"href":"https:\/\/zjarr.tv\/sq\/wp-json\/wp\/v2\/media\/159100"}],"wp:attachment":[{"href":"https:\/\/zjarr.tv\/sq\/wp-json\/wp\/v2\/media?parent=247119"}],"wp:term":[{"taxonomy":"category","embeddable":true,"href":"https:\/\/zjarr.tv\/sq\/wp-json\/wp\/v2\/categories?post=247119"},{"taxonomy":"post_tag","embeddable":true,"href":"https:\/\/zjarr.tv\/sq\/wp-json\/wp\/v2\/tags?post=247119"}],"curies":[{"name":"wp","href":"https:\/\/api.w.org\/{rel}","templated":true}]}}