{"id":247129,"date":"2022-03-28T13:17:32","date_gmt":"2022-03-28T11:17:32","guid":{"rendered":"https:\/\/zjarr.tv\/?p=247129"},"modified":"2022-03-28T13:17:32","modified_gmt":"2022-03-28T11:17:32","slug":"deputetet-si-inspektore-tatimesh-balla-zihet-ngushte-kur-pyetet-nese-do-i-binte-me-lire-pazari-ne-tirane-se-ne-fier","status":"publish","type":"post","link":"https:\/\/zjarr.tv\/sq\/deputetet-si-inspektore-tatimesh-balla-zihet-ngushte-kur-pyetet-nese-do-i-binte-me-lire-pazari-ne-tirane-se-ne-fier\/","title":{"rendered":"\u201cDeputet\u00ebt si inspektor\u00eb tatimesh\u201d, Balla zihet ngusht\u00eb kur pyetet n\u00ebse do i binte m\u00eb lir\u00eb pazari n\u00eb Tiran\u00eb se n\u00eb Fier"},"content":{"rendered":"<p>Kryeministri Edi Rama zhvilloi sot mbledhjen me grupin parlamentar nga ku i \u00ebsht\u00eb l\u00ebn\u00eb detyr\u00eb \u00e7do deputeti t\u00eb PS-s\u00eb q\u00eb p\u00ebrgjat\u00eb fundjav\u00ebs duhet t\u00eb jet\u00eb prezent n\u00eb territor n\u00eb zon\u00ebn e tij elektorale.<\/p>\n<p>Pjes\u00eb e diskutimeve ka qen\u00eb seanca plenare e t\u00eb enjtes.<\/p>\n<p>Kreu i grupit parlamentar, Taulant Balla, i cili ka inspektuar vet\u00eb \u00e7mimet, tha se supermarketet e vendit duhet t\u00eb ken\u00eb t\u00eb pakt\u00ebn p\u00ebr secilin nga produktet e shport\u00ebs nj\u00eb ofert\u00eb me \u00e7mim t\u00eb gjith\u00ebpranuar.<\/p>\n<p>Pyetje: Kan\u00eb qen\u00eb t\u00eb frytshme sh\u00ebtitjet e deputet\u00ebve q\u00eb jan\u00eb kthyer n\u00eb inspektor\u00eb tatimesh dit\u00ebt e fundit nd\u00ebrsa \u00e7mimet vazhdojn\u00eb t\u00eb rriten.<\/p>\n<p>Balla: Kam qen\u00eb vet\u00eb p\u00ebr t\u00eb b\u00ebr\u00eb dhe detyr\u00ebn e sht\u00ebpis\u00eb, p\u00ebr t\u00eb b\u00ebr\u00eb blerjen e shport\u00ebs s\u00eb ushqimeve p\u00ebr familjen time.<\/p>\n<p>Pyetje: Nuk ju binte m\u00eb lir\u00eb t\u00eb b\u00ebnit pazarin n\u00eb Tiran\u00eb duke marr\u00eb parasysh dhe rritjen e \u00e7mimit t\u00eb naft\u00ebs?<\/p>\n<p>Balla: Nuk \u00ebsht\u00eb korrekte kjo. Po ju them se \u00ebsht\u00eb di\u00e7ka q\u00eb e b\u00ebn \u00e7do deputet i p\u00ebrgjegjsh\u00ebmn n\u00eb \u00e7do parlament q\u00eb njoh un\u00eb dhe njoh m\u00eb shum\u00eb se ju.N\u00eb kushtet e nj\u00eb lufte abuzuesit mund t\u00eb jen\u00eb t\u00eb shumt\u00eb q\u00eb nuk respektojn\u00eb di\u00e7ka q\u00eb \u00ebsht\u00eb r\u00ebn\u00eb dakord p\u00ebr t\u00eb pasur n\u00eb raftet e supermarketeve t\u00eb vendit t\u00eb pakt\u00ebn p\u00ebr secilin nga produktet e shport\u00ebs nj\u00eb ofert\u00eb me at\u00eb \u00e7mim t\u00eb gjith\u00ebpranuar.<\/p>\n<p>Do ju ftoja dhe ju t\u00eb b\u00ebni nj\u00eb verifikim, q\u00eb t\u00eb pakt\u00ebn n\u00eb nj\u00eb raft t\u00eb nj\u00eb supermaketi t\u00eb ket\u00eb nj\u00eb kg sheqer te 99 lek\u00ebshi, nj\u00eb kg miell te 85 lek\u00ebshi dhe nj\u00eb liter vaj te 300 lek\u00ebshi me kushtet e k\u00ebsaj lufte q\u00eb ka goditur gjith\u00eb globin dhe Shqip\u00ebria nuk mund t\u00eb b\u00ebj\u00eb p\u00ebrjashtim. Lufta zhvillohet n\u00eb Ukrain\u00eb por impakti i saj dhe efektet e saj negative jan\u00eb shtrir\u00eb kudo. N\u00eb k\u00ebt\u00eb k\u00ebndv\u00ebshtrim dhe deputet\u00ebt e PS nuk mund t\u00eb rrin\u00eb duarkryq dhe mos ti bashkohen nj\u00eb nisme q\u00eb nuk ka shqiptar\u00eb dhe shqiptare q\u00eb se mbeshtet, q\u00eb qeveria po merr masat e duhura p\u00ebr t\u00eb qen\u00eb vet\u00eb n\u00eb territor p\u00ebr t\u00eb ngushtuar sa m\u00eb shum\u00eb .<\/p>\n","protected":false},"excerpt":{"rendered":"<p>Kryeministri Edi Rama zhvilloi sot mbledhjen me grupin parlamentar nga ku i \u00ebsht\u00eb l\u00ebn\u00eb detyr\u00eb \u00e7do deputeti t\u00eb PS-s\u00eb q\u00eb p\u00ebrgjat\u00eb fundjav\u00ebs duhet t\u00eb jet\u00eb prezent n\u00eb territor n\u00eb zon\u00ebn e tij elektorale. Pjes\u00eb e diskutimeve ka qen\u00eb seanca plenare e t\u00eb enjtes. Kreu i grupit parlamentar, Taulant Balla, i cili ka inspektuar vet\u00eb \u00e7mimet, [&hellip;]<\/p>\n","protected":false},"author":2020,"featured_media":148749,"comment_status":"closed","ping_status":"closed","sticky":false,"template":"","format":"standard","meta":{"footnotes":""},"categories":[241,5380,231],"tags":[],"class_list":{"0":"post-247129","1":"post","2":"type-post","3":"status-publish","4":"format-standard","5":"has-post-thumbnail","7":"category-aktualitet","8":"category-kryesore","9":"category-lajme"},"_links":{"self":[{"href":"https:\/\/zjarr.tv\/sq\/wp-json\/wp\/v2\/posts\/247129","targetHints":{"allow":["GET"]}}],"collection":[{"href":"https:\/\/zjarr.tv\/sq\/wp-json\/wp\/v2\/posts"}],"about":[{"href":"https:\/\/zjarr.tv\/sq\/wp-json\/wp\/v2\/types\/post"}],"author":[{"embeddable":true,"href":"https:\/\/zjarr.tv\/sq\/wp-json\/wp\/v2\/users\/2020"}],"replies":[{"embeddable":true,"href":"https:\/\/zjarr.tv\/sq\/wp-json\/wp\/v2\/comments?post=247129"}],"version-history":[{"count":0,"href":"https:\/\/zjarr.tv\/sq\/wp-json\/wp\/v2\/posts\/247129\/revisions"}],"wp:featuredmedia":[{"embeddable":true,"href":"https:\/\/zjarr.tv\/sq\/wp-json\/wp\/v2\/media\/148749"}],"wp:attachment":[{"href":"https:\/\/zjarr.tv\/sq\/wp-json\/wp\/v2\/media?parent=247129"}],"wp:term":[{"taxonomy":"category","embeddable":true,"href":"https:\/\/zjarr.tv\/sq\/wp-json\/wp\/v2\/categories?post=247129"},{"taxonomy":"post_tag","embeddable":true,"href":"https:\/\/zjarr.tv\/sq\/wp-json\/wp\/v2\/tags?post=247129"}],"curies":[{"name":"wp","href":"https:\/\/api.w.org\/{rel}","templated":true}]}}