{"id":247228,"date":"2022-03-28T15:01:05","date_gmt":"2022-03-28T13:01:05","guid":{"rendered":"https:\/\/zjarr.tv\/?p=247228"},"modified":"2022-03-28T15:01:05","modified_gmt":"2022-03-28T13:01:05","slug":"betohen-19-shtetasit-me-te-rinj-shqiptare-veliaj-te-bashkohemi-ne-diversitet-nuk-mund-te-rrime-indiferent-kur-lufta-po-ndodh-jo-shume-larg-nesh","status":"publish","type":"post","link":"https:\/\/zjarr.tv\/sq\/betohen-19-shtetasit-me-te-rinj-shqiptare-veliaj-te-bashkohemi-ne-diversitet-nuk-mund-te-rrime-indiferent-kur-lufta-po-ndodh-jo-shume-larg-nesh\/","title":{"rendered":"Betohen 19 shtetasit m\u00eb t\u00eb rinj shqiptar\u00eb, Veliaj: T\u00eb bashkohemi n\u00eb diversitet, nuk mund t\u00eb rrim\u00eb indiferent kur lufta po ndodh jo shum\u00eb larg nesh"},"content":{"rendered":"<p>19 shtetas t\u00eb huaj u betuan p\u00ebrpara kryetarit t\u00eb Bashkis\u00eb s\u00eb Tiran\u00ebs, Erion Veliaj, p\u00ebr besnik\u00ebri ndaj shtetit shqiptar dhe respektimin e Kushtetut\u00ebs e t\u00eb legjislacionit t\u00eb Republik\u00ebs s\u00eb Shqip\u00ebris\u00eb. Gjat\u00eb ceremonis\u00eb s\u00eb betimit, Veliaj tha se marrja e pasaport\u00ebs \u00ebsht\u00eb edhe nj\u00eb mund\u00ebsi p\u00ebr t\u00eb kontribuar n\u00eb mbar\u00ebvajtjen e shoq\u00ebris\u00eb.<\/p>\n<p>Duke iu referuar dhe ngjarjeve n\u00eb Ukrain\u00eb, Veliaj n\u00ebnvizoi se n\u00eb momente t\u00eb v\u00ebshtira, qytetar\u00ebt duhet t\u00eb jen\u00eb t\u00eb gjith\u00eb bashk\u00eb, duke l\u00ebn\u00eb pas diferencat dhe axhendat e tyre politike. \u201cE kam njohur Ukrain\u00ebn edhe nga takimet q\u00eb kam pasur me kolegun Klitchko e koleg\u00eb t\u00eb tjer\u00eb t\u00eb bashkive atje. Politika e tyre \u00ebsht\u00eb pak si n\u00eb Ballkan, t\u00eb p\u00ebr\u00e7ar\u00eb, me debate dhe p\u00ebrpjekje konstante p\u00ebr t\u00eb penguar nj\u00ebri-tjetrin. Por, pavar\u00ebsisht dallimeve, diferencave, ambicieve, b\u00ebrrylave, pavar\u00ebsisht d\u00ebshirave q\u00eb mund t\u00eb ken\u00eb pasur n\u00eb axhendat e tyre politike, nuk besoj se ka pasur nj\u00eb periudh\u00eb si kjo, kur t\u00eb gjith\u00eb jan\u00eb bashkuar si komb\u201d, theksoi Veliaj.<\/p>\n<p>Ndaj, tha ai, ky moment i marrjes s\u00eb shtet\u00ebsis\u00eb shqiptare, duhet trajtuar edhe si nj\u00eb dit\u00eb bashkimi n\u00eb diversitet. \u201cN\u00eb dit\u00eb t\u00eb mira, n\u00eb demokraci \u00ebsht\u00eb normale t\u00eb biem dakord, q\u00eb t\u00eb mos biem dakord. T\u00eb kemi ambicie t\u00eb ndryshme, karriera t\u00eb ndryshme, bindje t\u00eb ndryshme politike. Ama, ndonj\u00ebher\u00eb, t\u00eb q\u00ebnit shqiptar, si\u00e7 t\u00eb q\u00ebnit ukrainas, mund t\u00eb duhet vet\u00ebm p\u00ebr at\u00eb dit\u00ebn e v\u00ebshtir\u00eb, ku na duhet t\u00eb l\u00ebm\u00eb \u00e7do diferenc\u00eb tjet\u00ebr, \u00e7do bindje, \u00e7do ambicie, \u00e7do lakmi, \u00e7do d\u00ebshir\u00eb q\u00eb mund t\u00eb kemi, apo aspirate, p\u00ebr t\u2019u bashkuar vet\u00ebm tek nj\u00eb stem\u00eb, tek nj\u00eb logo, tek betimi q\u00eb b\u00ebjm\u00eb sot, p\u00ebr t\u2019i q\u00ebndruar besnik k\u00ebsaj republike, k\u00ebtij shteti dhe kombi. Do t\u00eb doja ta trajtonim k\u00ebt\u00eb dit\u00eb si nj\u00eb bashkim n\u00eb diversitet\u201d, deklaroi ai.<\/p>\n<p>Veliaj apeloi p\u00ebr m\u00eb shum\u00eb solidaritet n\u00eb k\u00ebto momente t\u00eb v\u00ebshtira p\u00ebr t\u00eb mb\u00ebshtetur me ndihma qytetar\u00ebt e Ukrain\u00ebs. \u201cNe e provuam at\u00eb q\u00eb ndodhi n\u00eb Kosov\u00eb, e cila \u00ebsht\u00eb shum\u00eb e ngjashme me at\u00eb q\u00eb po ndodh sot n\u00eb Ukrain\u00eb.<\/p>\n<p>N\u00eb koh\u00eb t\u00eb v\u00ebshtira, problem jan\u00eb njer\u00ebzit q\u00eb rrin\u00eb indiferent, ata q\u00eb nuk marrin nj\u00eb pozicion, q\u00eb nuk zgjidhin hallet, q\u00eb nga mania p\u00ebr t\u00eb qen\u00eb mbi pal\u00ebt, duke qen\u00eb t\u00eb heshtur, praktikisht jan\u00eb b\u00ebr\u00eb me agresorin. Do t\u00eb doja q\u00eb edhe n\u00eb nj\u00eb struktur\u00eb civile, si\u00e7 \u00ebsht\u00eb kjo e jona, q\u00eb nuk mund t\u00eb japim ndihm\u00eb ushtarake, p\u00ebr sa kemi mund\u00ebsi, t\u00eb ndihmojm\u00eb me ndihma ushqimore, si me kamion\u00ebt q\u00eb po \u00e7ojm\u00eb n\u00eb Ukrain\u00eb, apo qoft\u00eb edhe me nj\u00eb vendim t\u00eb K\u00ebshillit Bashkiak, p\u00ebr t\u00eb marr\u00eb nj\u00eb q\u00ebndrim dhe p\u00ebr t\u00eb mos q\u00ebndruar indiferent, kur jo shum\u00eb larg nesh po ndodh di\u00e7ka e tmerrshme\u201d, tha Veliaj. Pas leximit t\u00eb formul\u00ebs, 19 shtetasit nga Kosova, Italia, Franca, Australia, Serbia, Greqia etj, n\u00ebnshkruan edhe aktin e betimit.<\/p>\n","protected":false},"excerpt":{"rendered":"<p>19 shtetas t\u00eb huaj u betuan p\u00ebrpara kryetarit t\u00eb Bashkis\u00eb s\u00eb Tiran\u00ebs, Erion Veliaj, p\u00ebr besnik\u00ebri ndaj shtetit shqiptar dhe respektimin e Kushtetut\u00ebs e t\u00eb legjislacionit t\u00eb Republik\u00ebs s\u00eb Shqip\u00ebris\u00eb. Gjat\u00eb ceremonis\u00eb s\u00eb betimit, Veliaj tha se marrja e pasaport\u00ebs \u00ebsht\u00eb edhe nj\u00eb mund\u00ebsi p\u00ebr t\u00eb kontribuar n\u00eb mbar\u00ebvajtjen e shoq\u00ebris\u00eb. Duke iu referuar dhe [&hellip;]<\/p>\n","protected":false},"author":2020,"featured_media":247233,"comment_status":"closed","ping_status":"closed","sticky":false,"template":"","format":"standard","meta":{"footnotes":""},"categories":[241,5380],"tags":[],"class_list":{"0":"post-247228","1":"post","2":"type-post","3":"status-publish","4":"format-standard","5":"has-post-thumbnail","7":"category-aktualitet","8":"category-kryesore"},"_links":{"self":[{"href":"https:\/\/zjarr.tv\/sq\/wp-json\/wp\/v2\/posts\/247228","targetHints":{"allow":["GET"]}}],"collection":[{"href":"https:\/\/zjarr.tv\/sq\/wp-json\/wp\/v2\/posts"}],"about":[{"href":"https:\/\/zjarr.tv\/sq\/wp-json\/wp\/v2\/types\/post"}],"author":[{"embeddable":true,"href":"https:\/\/zjarr.tv\/sq\/wp-json\/wp\/v2\/users\/2020"}],"replies":[{"embeddable":true,"href":"https:\/\/zjarr.tv\/sq\/wp-json\/wp\/v2\/comments?post=247228"}],"version-history":[{"count":0,"href":"https:\/\/zjarr.tv\/sq\/wp-json\/wp\/v2\/posts\/247228\/revisions"}],"wp:featuredmedia":[{"embeddable":true,"href":"https:\/\/zjarr.tv\/sq\/wp-json\/wp\/v2\/media\/247233"}],"wp:attachment":[{"href":"https:\/\/zjarr.tv\/sq\/wp-json\/wp\/v2\/media?parent=247228"}],"wp:term":[{"taxonomy":"category","embeddable":true,"href":"https:\/\/zjarr.tv\/sq\/wp-json\/wp\/v2\/categories?post=247228"},{"taxonomy":"post_tag","embeddable":true,"href":"https:\/\/zjarr.tv\/sq\/wp-json\/wp\/v2\/tags?post=247228"}],"curies":[{"name":"wp","href":"https:\/\/api.w.org\/{rel}","templated":true}]}}