{"id":247277,"date":"2022-03-28T17:17:20","date_gmt":"2022-03-28T15:17:20","guid":{"rendered":"https:\/\/zjarr.tv\/?p=247277"},"modified":"2022-03-28T17:17:20","modified_gmt":"2022-03-28T15:17:20","slug":"gjykata-kushtetuese-rrezon-kerkesen-e-partise-demokratike-per-komisionin-becchetti","status":"publish","type":"post","link":"https:\/\/zjarr.tv\/sq\/gjykata-kushtetuese-rrezon-kerkesen-e-partise-demokratike-per-komisionin-becchetti\/","title":{"rendered":"Gjykata Kushtetuese rr\u00ebzon k\u00ebrkes\u00ebn e Partis\u00eb Demokratike p\u00ebr Komisionin \u201cBecchetti\u201d"},"content":{"rendered":"<p>Gjykata Kushtetuese ka rr\u00ebzuar k\u00ebrkes\u00ebn e Partis\u00eb Demokratike p\u00ebr t\u00eb ngritur nj\u00eb Komision Parlamentar p\u00ebr \u00e7\u00ebshtjen e biznesmenit Italian Francesco Becchetti, i cili ka fituar gjyqin me shteti shqiptar dhe pret t\u00eb marr\u00eb mbi 110 milion\u00eb euro.<\/p>\n<p>Sipas Kushtetueses nuk \u00ebsht\u00eb arritur numri i k\u00ebrkuar i votave p\u00ebr vendimmarrje, sipas nenit 73, pika 4, t\u00eb ligjit nr. 8577, dat\u00eb 10.02.2000 \u201cP\u00ebr organizimin dhe funksionimin e Gjykat\u00ebs Kushtetuese\u201d, t\u00eb ndryshuar, n\u00eb lidhje me legjitimimin e \u00bc-\u00ebs t\u00eb deputet\u00ebve q\u00eb kan\u00eb v\u00ebn\u00eb n\u00eb l\u00ebvizje gjykimin kushtetues n\u00eb raport me \u00bc-\u00ebn e deputet\u00ebve q\u00eb kan\u00eb k\u00ebrkuar ngritjen e komisionit hetimor.<\/p>\n<p>Francesco Becchetti u d\u00ebnua nga Gjykata e Tiran\u00ebs 1 muaj m\u00eb par\u00eb me 17 vite burg p\u00ebr veprat penale: \u201cVjedhje me shp\u00ebrdorim detyre\u201d, \u201cPastrim i produkteve t\u00eb vepr\u00ebs penale apo veprimtaris\u00eb me tatimin mbi vler\u00ebn e shtuar\u201d.<\/p>\n<p>Njoftimi i plot\u00eb:<\/p>\n<p>Gjykata Kushtetuese e Republik\u00ebs s\u00eb Shqip\u00ebris\u00eb n\u00eb dat\u00ebn 10.03.2022 mori n\u00eb shqyrtim n\u00eb seanc\u00eb plenare publike \u00e7\u00ebshtjen me k\u00ebrkues nj\u00eb grup deputet\u00ebsh t\u00eb Kuvendit t\u00eb Republik\u00ebs s\u00eb Shqip\u00ebris\u00eb (jo m\u00eb pak se \u00bc-ta e deputeteve), me objekt:<\/p>\n<p>\u201cZgjidhja e mosmarr\u00ebveshjes s\u00eb kompetenc\u00ebs nd\u00ebrmjet jo m\u00eb pak se nj\u00eb t\u00eb kat\u00ebrt\u00ebs s\u00eb deputet\u00ebve dhe Kuvendit t\u00eb Republik\u00ebs s\u00eb Shqip\u00ebris\u00eb. Deklarimi si i papajtuesh\u00ebm me Kushtetut\u00ebn e Republik\u00ebs s\u00eb Shqip\u00ebris\u00eb t\u00eb vendimit nr. 80\/2021 t\u00eb Kuvendit t\u00eb Shqip\u00ebris\u00eb \u201cP\u00ebr mosmiratimin e projektvendimit \u201cP\u00ebr ngritjen e Komisionit Hetimor t\u00eb Kuvendit p\u00ebr kontrollin e ligjshm\u00ebris\u00eb s\u00eb veprimeve dhe mosveprimeve t\u00eb institucioneve shtet\u00ebrore dhe funksionar\u00ebve publik\u00eb n\u00eb \u00e7\u00ebshtjet q\u00eb kan\u00eb sjell\u00eb si pasoj\u00eb vendimin e Arbitrazhit \u201cBecchetti dhe t\u00eb tjer\u00eb kund\u00ebr Shqip\u00ebris\u00eb\u201d\u201d\u201d.<\/p>\n<p>N\u00eb p\u00ebrfundim t\u00eb shqyrtimit t\u00eb k\u00ebsaj \u00e7\u00ebshtjeje Gjykata Kushtetuese konstatoi se nuk u arrit numri i k\u00ebrkuar i votave p\u00ebr vendimmarrje, sipas nenit 73, pika 4, t\u00eb ligjit nr. 8577, dat\u00eb 10.02.2000 \u201cP\u00ebr organizimin dhe funksionimin e Gjykat\u00ebs Kushtetuese\u201d, t\u00eb ndryshuar, n\u00eb lidhje me legjitimimin e \u00bc-\u00ebs t\u00eb deputet\u00ebve q\u00eb kan\u00eb v\u00ebn\u00eb n\u00eb l\u00ebvizje gjykimin kushtetues n\u00eb raport me \u00bc-\u00ebn e deputet\u00ebve q\u00eb kan\u00eb k\u00ebrkuar ngritjen e komisionit hetimor.<\/p>\n<p>P\u00ebr k\u00ebto arsye, Gjykata Kushtetuese<\/p>\n<p>VENDOSI:<\/p>\n<p>\u2013 Rr\u00ebzimin e k\u00ebrkes\u00ebs.<\/p>\n<p>Vendimi p\u00ebrfundimtar do t\u00eb shpallet i arsyetuar brenda afateve ligjore t\u00eb parashikuara nga ligji nr. 8577, dat\u00eb 10.02.2000 \u201cP\u00ebr organizimin dhe funksionimin e Gjykat\u00ebs Kushtetuese t\u00eb Republik\u00ebs s\u00eb Shqip\u00ebris\u00eb\u201d, i ndryshuar dhe nga Rregullorja p\u00ebr procedurat gjyq\u00ebsore t\u00eb Gjykat\u00ebs Kushtetuese.<\/p>\n","protected":false},"excerpt":{"rendered":"<p>Gjykata Kushtetuese ka rr\u00ebzuar k\u00ebrkes\u00ebn e Partis\u00eb Demokratike p\u00ebr t\u00eb ngritur nj\u00eb Komision Parlamentar p\u00ebr \u00e7\u00ebshtjen e biznesmenit Italian Francesco Becchetti, i cili ka fituar gjyqin me shteti shqiptar dhe pret t\u00eb marr\u00eb mbi 110 milion\u00eb euro. Sipas Kushtetueses nuk \u00ebsht\u00eb arritur numri i k\u00ebrkuar i votave p\u00ebr vendimmarrje, sipas nenit 73, pika 4, t\u00eb [&hellip;]<\/p>\n","protected":false},"author":2030,"featured_media":247278,"comment_status":"closed","ping_status":"closed","sticky":false,"template":"","format":"standard","meta":{"footnotes":""},"categories":[241,5380,231],"tags":[],"class_list":{"0":"post-247277","1":"post","2":"type-post","3":"status-publish","4":"format-standard","5":"has-post-thumbnail","7":"category-aktualitet","8":"category-kryesore","9":"category-lajme"},"_links":{"self":[{"href":"https:\/\/zjarr.tv\/sq\/wp-json\/wp\/v2\/posts\/247277","targetHints":{"allow":["GET"]}}],"collection":[{"href":"https:\/\/zjarr.tv\/sq\/wp-json\/wp\/v2\/posts"}],"about":[{"href":"https:\/\/zjarr.tv\/sq\/wp-json\/wp\/v2\/types\/post"}],"author":[{"embeddable":true,"href":"https:\/\/zjarr.tv\/sq\/wp-json\/wp\/v2\/users\/2030"}],"replies":[{"embeddable":true,"href":"https:\/\/zjarr.tv\/sq\/wp-json\/wp\/v2\/comments?post=247277"}],"version-history":[{"count":0,"href":"https:\/\/zjarr.tv\/sq\/wp-json\/wp\/v2\/posts\/247277\/revisions"}],"wp:featuredmedia":[{"embeddable":true,"href":"https:\/\/zjarr.tv\/sq\/wp-json\/wp\/v2\/media\/247278"}],"wp:attachment":[{"href":"https:\/\/zjarr.tv\/sq\/wp-json\/wp\/v2\/media?parent=247277"}],"wp:term":[{"taxonomy":"category","embeddable":true,"href":"https:\/\/zjarr.tv\/sq\/wp-json\/wp\/v2\/categories?post=247277"},{"taxonomy":"post_tag","embeddable":true,"href":"https:\/\/zjarr.tv\/sq\/wp-json\/wp\/v2\/tags?post=247277"}],"curies":[{"name":"wp","href":"https:\/\/api.w.org\/{rel}","templated":true}]}}