{"id":247288,"date":"2022-03-28T17:22:52","date_gmt":"2022-03-28T15:22:52","guid":{"rendered":"https:\/\/zjarr.tv\/?p=247288"},"modified":"2022-03-28T17:22:52","modified_gmt":"2022-03-28T15:22:52","slug":"tirana-solidarizohet-me-popullin-ukrainas-ne-8-prill-manifestim-ne-sheshin-skenderbej","status":"publish","type":"post","link":"https:\/\/zjarr.tv\/sq\/tirana-solidarizohet-me-popullin-ukrainas-ne-8-prill-manifestim-ne-sheshin-skenderbej\/","title":{"rendered":"Tirana solidarizohet me popullin ukrainas, n\u00eb 8 prill manifestim n\u00eb sheshin \u201cSk\u00ebnderbej\u201d"},"content":{"rendered":"<p>M\u00eb 8 prill n\u00eb Tiran\u00eb do t\u00eb zhvillohet nj\u00eb manifestim n\u00eb mb\u00ebshtetje t\u00eb Ukrain\u00ebs dhe popullit, i cili n\u00eb k\u00ebto momente po p\u00ebrballet me pushtimin rus.<\/p>\n<p>Manifesti q\u00eb do mbahet n\u00eb Sheshin \u201cSkenderbej\u201d \u00ebsht\u00eb thirrur nga komuniteti ukrainas n\u00eb Tiran\u00eb dhe pritet q\u00eb t\u00eb marrin pjes\u00eb nj\u00eb num\u00ebr i madh qytetar\u00ebsh.<\/p>\n<p>\u201cNe kete qytet biem e ngrihemi bashke! Do jemi aty per gjithe bashkeqytetaret tane per solidaritet e mbeshtetje!\u201d, shkruan Veliaj.<\/p>\n","protected":false},"excerpt":{"rendered":"<p>M\u00eb 8 prill n\u00eb Tiran\u00eb do t\u00eb zhvillohet nj\u00eb manifestim n\u00eb mb\u00ebshtetje t\u00eb Ukrain\u00ebs dhe popullit, i cili n\u00eb k\u00ebto momente po p\u00ebrballet me pushtimin rus. Manifesti q\u00eb do mbahet n\u00eb Sheshin \u201cSkenderbej\u201d \u00ebsht\u00eb thirrur nga komuniteti ukrainas n\u00eb Tiran\u00eb dhe pritet q\u00eb t\u00eb marrin pjes\u00eb nj\u00eb num\u00ebr i madh qytetar\u00ebsh. \u201cNe kete qytet biem [&hellip;]<\/p>\n","protected":false},"author":2030,"featured_media":247289,"comment_status":"closed","ping_status":"closed","sticky":false,"template":"","format":"standard","meta":{"footnotes":""},"categories":[241,3366,5380,231],"tags":[],"class_list":{"0":"post-247288","1":"post","2":"type-post","3":"status-publish","4":"format-standard","5":"has-post-thumbnail","7":"category-aktualitet","8":"category-koment","9":"category-kryesore","10":"category-lajme"},"_links":{"self":[{"href":"https:\/\/zjarr.tv\/sq\/wp-json\/wp\/v2\/posts\/247288","targetHints":{"allow":["GET"]}}],"collection":[{"href":"https:\/\/zjarr.tv\/sq\/wp-json\/wp\/v2\/posts"}],"about":[{"href":"https:\/\/zjarr.tv\/sq\/wp-json\/wp\/v2\/types\/post"}],"author":[{"embeddable":true,"href":"https:\/\/zjarr.tv\/sq\/wp-json\/wp\/v2\/users\/2030"}],"replies":[{"embeddable":true,"href":"https:\/\/zjarr.tv\/sq\/wp-json\/wp\/v2\/comments?post=247288"}],"version-history":[{"count":0,"href":"https:\/\/zjarr.tv\/sq\/wp-json\/wp\/v2\/posts\/247288\/revisions"}],"wp:featuredmedia":[{"embeddable":true,"href":"https:\/\/zjarr.tv\/sq\/wp-json\/wp\/v2\/media\/247289"}],"wp:attachment":[{"href":"https:\/\/zjarr.tv\/sq\/wp-json\/wp\/v2\/media?parent=247288"}],"wp:term":[{"taxonomy":"category","embeddable":true,"href":"https:\/\/zjarr.tv\/sq\/wp-json\/wp\/v2\/categories?post=247288"},{"taxonomy":"post_tag","embeddable":true,"href":"https:\/\/zjarr.tv\/sq\/wp-json\/wp\/v2\/tags?post=247288"}],"curies":[{"name":"wp","href":"https:\/\/api.w.org\/{rel}","templated":true}]}}