{"id":247302,"date":"2022-03-28T18:00:11","date_gmt":"2022-03-28T16:00:11","guid":{"rendered":"https:\/\/zjarr.tv\/?p=247302"},"modified":"2022-03-28T18:00:11","modified_gmt":"2022-03-28T16:00:11","slug":"si-e-shkaterron-ekonomine-ngritja-e-cmimeve","status":"publish","type":"post","link":"https:\/\/zjarr.tv\/sq\/si-e-shkaterron-ekonomine-ngritja-e-cmimeve\/","title":{"rendered":"Si e shkat\u00ebrron ekonomin\u00eb ngritja e \u00e7mimeve"},"content":{"rendered":"<p>Nga Artan Fuga<\/p>\n<p>M\u00eb par\u00eb p\u00ebr disa arsye kisha nj\u00eb sjellje konsumatore q\u00eb harxhoja 5 litra naft\u00eb n\u00eb dit\u00eb!<\/p>\n<p>Me rritjen e pajustifikuar dhe aspak transparente, autoritare, me vul\u00eb shteti, t\u00eb \u00e7mimit t\u00eb naft\u00ebs, harxhoj aktualisht 2 litra n\u00eb jav\u00eb.<\/p>\n<p>Shoh sot se rrug\u00ebt jasht\u00eb Tirane sidomos xhang xhing, ka r\u00ebn\u00eb qarkullimi i automjeteve t\u00eb pakt\u00ebn 50 p\u00ebrqind.<\/p>\n<p>Natyrisht, pse budallenj jan\u00eb njer\u00ebzit.<\/p>\n<p>Tani, tregtar\u00ebve t\u00eb karburant\u00ebve q\u00eb rrit\u00ebn \u00e7mimet me s\u00eb paku 40 lek\u00eb t\u00eb reja, me k\u00ebt\u00eb sjellje konsumatore t\u00eb qytetar\u00ebve u rriten apo u zvoglohen fitimet?<\/p>\n<p>Mua m\u00eb rrit\u00ebn me 20 p\u00ebrqind \u00e7mimin e naft\u00ebs p\u00ebr lit\u00ebr, un\u00eb harxhoj t\u00eb pakt\u00ebn 10 her\u00eb m\u00eb pak naft\u00eb, pra ul konsumimin 1000 p\u00ebrqind. Dhe do t\u00eb vazhdoj!<\/p>\n<p>K\u00ebshtu pasurohet apo d\u00ebmtohet ky sektor?<\/p>\n<p>Kush do t\u00eb dor\u00ebzohet m\u00eb shpejt!<\/p>\n<p>Dhe jo vet\u00ebm q\u00eb n\u00eb k\u00ebt\u00eb sektor bie zia, por njer\u00ebzit duke mos l\u00ebvizur thajn\u00eb edhe restorantet, qendrat tregtare, kafenet\u00eb turistike, b\u00ebjn\u00eb m\u00eb pak tregti, artizanat, me nj\u00eb fjal\u00eb nj\u00eb budallallik komplet i vulosur me gabimin trashanik q\u00eb po b\u00ebn bordi i transparenc\u00ebs me urdh\u00ebr nga bordi i rrethuar me kuaj pa yzengji, pa frer\u00eb, pa shal\u00eb, madje nuk jan\u00eb as kuaj, por pela, n\u00ebse jo mushka!<\/p>\n","protected":false},"excerpt":{"rendered":"<p>Nga Artan Fuga M\u00eb par\u00eb p\u00ebr disa arsye kisha nj\u00eb sjellje konsumatore q\u00eb harxhoja 5 litra naft\u00eb n\u00eb dit\u00eb! Me rritjen e pajustifikuar dhe aspak transparente, autoritare, me vul\u00eb shteti, t\u00eb \u00e7mimit t\u00eb naft\u00ebs, harxhoj aktualisht 2 litra n\u00eb jav\u00eb. Shoh sot se rrug\u00ebt jasht\u00eb Tirane sidomos xhang xhing, ka r\u00ebn\u00eb qarkullimi i automjeteve t\u00eb [&hellip;]<\/p>\n","protected":false},"author":2030,"featured_media":247303,"comment_status":"closed","ping_status":"closed","sticky":false,"template":"","format":"standard","meta":{"footnotes":""},"categories":[241,3366,5380,231],"tags":[],"class_list":{"0":"post-247302","1":"post","2":"type-post","3":"status-publish","4":"format-standard","5":"has-post-thumbnail","7":"category-aktualitet","8":"category-koment","9":"category-kryesore","10":"category-lajme"},"_links":{"self":[{"href":"https:\/\/zjarr.tv\/sq\/wp-json\/wp\/v2\/posts\/247302","targetHints":{"allow":["GET"]}}],"collection":[{"href":"https:\/\/zjarr.tv\/sq\/wp-json\/wp\/v2\/posts"}],"about":[{"href":"https:\/\/zjarr.tv\/sq\/wp-json\/wp\/v2\/types\/post"}],"author":[{"embeddable":true,"href":"https:\/\/zjarr.tv\/sq\/wp-json\/wp\/v2\/users\/2030"}],"replies":[{"embeddable":true,"href":"https:\/\/zjarr.tv\/sq\/wp-json\/wp\/v2\/comments?post=247302"}],"version-history":[{"count":0,"href":"https:\/\/zjarr.tv\/sq\/wp-json\/wp\/v2\/posts\/247302\/revisions"}],"wp:featuredmedia":[{"embeddable":true,"href":"https:\/\/zjarr.tv\/sq\/wp-json\/wp\/v2\/media\/247303"}],"wp:attachment":[{"href":"https:\/\/zjarr.tv\/sq\/wp-json\/wp\/v2\/media?parent=247302"}],"wp:term":[{"taxonomy":"category","embeddable":true,"href":"https:\/\/zjarr.tv\/sq\/wp-json\/wp\/v2\/categories?post=247302"},{"taxonomy":"post_tag","embeddable":true,"href":"https:\/\/zjarr.tv\/sq\/wp-json\/wp\/v2\/tags?post=247302"}],"curies":[{"name":"wp","href":"https:\/\/api.w.org\/{rel}","templated":true}]}}