{"id":247310,"date":"2022-03-28T18:14:39","date_gmt":"2022-03-28T16:14:39","guid":{"rendered":"https:\/\/zjarr.tv\/?p=247310"},"modified":"2022-03-28T18:14:39","modified_gmt":"2022-03-28T16:14:39","slug":"besoj-qe-ambasadorit-pasardhes-sdo-ia-nxini-me-jeten-si-luigit-balla-i-pergjigjet-tabakut-deputetja-e-pd-zbulon-debatet-me-sorecen-ndiej-keqardhje-se","status":"publish","type":"post","link":"https:\/\/zjarr.tv\/sq\/besoj-qe-ambasadorit-pasardhes-sdo-ia-nxini-me-jeten-si-luigit-balla-i-pergjigjet-tabakut-deputetja-e-pd-zbulon-debatet-me-sorecen-ndiej-keqardhje-se\/","title":{"rendered":"\u201cBesoj q\u00eb ambasadorit pasardh\u00ebs s\u2019do ia nxini m\u00eb jet\u00ebn si Luigit\u201d- Balla i p\u00ebrgjigjet Tabakut, deputetja e PD zbulon debatet me Sorec\u00ebn: Ndiej keqardhje se\u2026"},"content":{"rendered":"<p>K\u00ebshilli Komb\u00ebtar i Integrimit Europian ka zhvilluar sot mbledhjen n\u00eb t\u00eb cil\u00ebn ambasadori i BE-s\u00eb n\u00eb vendin ton\u00eb Luigi Soreca do t\u00eb jet\u00eb p\u00ebr her\u00eb t\u00eb fundit, p\u00ebr shkak t\u00eb detyr\u00ebs s\u00eb re q\u00eb ka marr\u00eb.<\/p>\n<p>Bashk\u00ebkryetare e k\u00ebshillit komb\u00ebtar, Jorida Tabaku ka zbuluar se mes saj dhe ambasadorit ka pasur debate p\u00ebr m\u00ebnyr\u00ebn se si qeveria e b\u00ebn pun\u00ebn.<\/p>\n<p>\u201cN\u00eb em\u00ebr t\u00eb opozit\u00ebs falenderoj komisionin p\u00ebr mb\u00ebshtetjen e pakufishme ekonomike q\u00eb ka dh\u00ebn\u00eb p\u00ebr Shqip\u00ebrin\u00eb edhe at\u00ebher\u00eb kur ndoshta nuk i kemi plot\u00ebsuar t\u00eb gjitha kriteret, duke e mbyllur edhe nj\u00eb sy pozitivisht.<\/p>\n<p>Shpresoj q\u00eb standartin e vendosur nga ambasadori Luigi Soreca ta ken\u00eb dhe pasardh\u00ebsit e tij.<\/p>\n<p>Ndiej keqardhje se nuk do kem ato debatet pothuajse t\u00eb p\u00ebrditshme me ambasadorin Soreca p\u00ebr at\u00eb q\u00eb b\u00ebn keq qeveria e at\u00eb q\u00eb duhet t\u00eb b\u00ebj\u00eb m\u00eb mir\u00eb qeveria, por dhe nj\u00eb avokat shum\u00eb i mir\u00eb i kujtdo q\u00eb beson se integrimi n\u00eb radh\u00eb t\u00eb par\u00eb i p\u00ebrket qytetar\u00ebve e e jo forcave politike\u201d, tha Tabaku.<\/p>\n<p>N\u00eb mbyllje t\u00eb fjal\u00ebs s\u00eb saj, Tabaku tha \u201cia jap fjal\u00ebn zotit Balla q\u00eb mezi po pret t\u00eb kund\u00ebrshtoj\u00eb k\u00ebto q\u00eb thash\u00eb un\u00eb\u201d.<\/p>\n<p>Nd\u00ebrkoh\u00eb kreu i grupit parlamentar t\u00eb PS, u p\u00ebrgjigj:<\/p>\n<p>\u201cKam hequr dor\u00eb nga kund\u00ebrshtimet ndaj jush se mendoj q\u00eb dhe ju sot pat\u00ebt nj\u00eb moment reflektimi, besoj q\u00eb ambasadori pasardh\u00ebs s\u2019do ia nxini m\u00eb jet\u00ebn si ia paskeni nxir\u00eb jet\u00ebn Luigit, e mir\u00eb \u00ebsht\u00eb q\u00eb ne debatet me nj\u00ebri tjetrin t\u2019i b\u00ebjm\u00eb n\u00eb shqip e kur flasim n\u00eb anglisht t\u00eb flasim t\u00eb gjith\u00eb mir\u00eb p\u00ebr Shqip\u00ebrin\u00eb\u201d.<\/p>\n","protected":false},"excerpt":{"rendered":"<p>K\u00ebshilli Komb\u00ebtar i Integrimit Europian ka zhvilluar sot mbledhjen n\u00eb t\u00eb cil\u00ebn ambasadori i BE-s\u00eb n\u00eb vendin ton\u00eb Luigi Soreca do t\u00eb jet\u00eb p\u00ebr her\u00eb t\u00eb fundit, p\u00ebr shkak t\u00eb detyr\u00ebs s\u00eb re q\u00eb ka marr\u00eb. Bashk\u00ebkryetare e k\u00ebshillit komb\u00ebtar, Jorida Tabaku ka zbuluar se mes saj dhe ambasadorit ka pasur debate p\u00ebr m\u00ebnyr\u00ebn se [&hellip;]<\/p>\n","protected":false},"author":2030,"featured_media":247311,"comment_status":"closed","ping_status":"closed","sticky":false,"template":"","format":"standard","meta":{"footnotes":""},"categories":[241,3366,5380,231,1454],"tags":[],"class_list":{"0":"post-247310","1":"post","2":"type-post","3":"status-publish","4":"format-standard","5":"has-post-thumbnail","7":"category-aktualitet","8":"category-koment","9":"category-kryesore","10":"category-lajme","11":"category-politike"},"_links":{"self":[{"href":"https:\/\/zjarr.tv\/sq\/wp-json\/wp\/v2\/posts\/247310","targetHints":{"allow":["GET"]}}],"collection":[{"href":"https:\/\/zjarr.tv\/sq\/wp-json\/wp\/v2\/posts"}],"about":[{"href":"https:\/\/zjarr.tv\/sq\/wp-json\/wp\/v2\/types\/post"}],"author":[{"embeddable":true,"href":"https:\/\/zjarr.tv\/sq\/wp-json\/wp\/v2\/users\/2030"}],"replies":[{"embeddable":true,"href":"https:\/\/zjarr.tv\/sq\/wp-json\/wp\/v2\/comments?post=247310"}],"version-history":[{"count":0,"href":"https:\/\/zjarr.tv\/sq\/wp-json\/wp\/v2\/posts\/247310\/revisions"}],"wp:featuredmedia":[{"embeddable":true,"href":"https:\/\/zjarr.tv\/sq\/wp-json\/wp\/v2\/media\/247311"}],"wp:attachment":[{"href":"https:\/\/zjarr.tv\/sq\/wp-json\/wp\/v2\/media?parent=247310"}],"wp:term":[{"taxonomy":"category","embeddable":true,"href":"https:\/\/zjarr.tv\/sq\/wp-json\/wp\/v2\/categories?post=247310"},{"taxonomy":"post_tag","embeddable":true,"href":"https:\/\/zjarr.tv\/sq\/wp-json\/wp\/v2\/tags?post=247310"}],"curies":[{"name":"wp","href":"https:\/\/api.w.org\/{rel}","templated":true}]}}