{"id":247314,"date":"2022-03-28T18:17:14","date_gmt":"2022-03-28T16:17:14","guid":{"rendered":"https:\/\/zjarr.tv\/?p=247314"},"modified":"2022-03-28T18:17:14","modified_gmt":"2022-03-28T16:17:14","slug":"presidenti-meta-perkujton-25-vjetorin-e-tragjedise-se-otrantos-eksodi-i-pandalshem-i-shqiptareve-vazhdon-edhe-sot-te-frenohet-ky-fenomen","status":"publish","type":"post","link":"https:\/\/zjarr.tv\/sq\/presidenti-meta-perkujton-25-vjetorin-e-tragjedise-se-otrantos-eksodi-i-pandalshem-i-shqiptareve-vazhdon-edhe-sot-te-frenohet-ky-fenomen\/","title":{"rendered":"Presidenti Meta p\u00ebrkujton 25-vjetorin e tragjedis\u00eb s\u00eb Otrantos: Eksodi i pandalsh\u00ebm i shqiptar\u00ebve vazhdon edhe sot! T\u00eb frenohet ky fenomen"},"content":{"rendered":"<p>Presidenti Ilir Meta ka p\u00ebrkujtuar 25-vjetorin e tragjedis\u00eb s\u00eb Otrantos me an\u00eb t\u00eb nj\u00eb video n\u00eb rrjetet sociale.<\/p>\n<p>Meta shkruan se n\u00eb k\u00ebt\u00eb p\u00ebrvjetor p\u00ebrkujtohen me dhimbje jet\u00ebt e humbura n\u00eb p\u00ebrpjekjet d\u00ebshp\u00ebruese p\u00ebr t\u00eb gjetur nj\u00eb t\u00eb ardhme m\u00eb t\u00eb mir\u00eb larg Shqip\u00ebris\u00eb.<\/p>\n<p>Ai thot\u00eb se duhen b\u00ebr\u00eb t\u00eb gjitha p\u00ebrpjekjet q\u00eb duhen me p\u00ebrgjegjshm\u00ebri, p\u00ebr t\u00eb ndalur fenomenin e largimit t\u00eb shqiptar\u00ebve.<\/p>\n<p>Statusi i presidentit Ilir Meta<\/p>\n<p>N\u00eb 25-vjetorin e Tragjedis\u00eb s\u00eb Otrantos, p\u00ebrkujtojm\u00eb me dhembje jet\u00ebt e humbura n\u00eb p\u00ebrpjekjet d\u00ebshp\u00ebruese p\u00ebr t\u00eb gjetur nj\u00eb t\u00eb ardhme m\u00eb t\u00eb mir\u00eb larg Shqip\u00ebris\u00eb.<\/p>\n<p>P\u00ebr fat t\u00eb keq, ndon\u00ebse n\u00eb forma t\u00eb tjera, eksodi i pandalsh\u00ebm i shqiptar\u00ebve po vazhdon ende edhe sot, me ritme alarmuese, aq sa shpopullimi vijon t\u00eb jet\u00eb drama m\u00eb e madhe, q\u00eb po i ndodh vendit.<\/p>\n<p>T\u00eb b\u00ebjm\u00eb t\u00eb gjitha p\u00ebrpjekjet q\u00eb nevojiten, me p\u00ebrgjegjshm\u00ebri, atdhetari dhe profesionaliz\u00ebm, p\u00ebr t\u00eb ndalur k\u00ebt\u00eb fenomen tragjik dhe p\u00ebr t\u2019u dh\u00ebn\u00eb mund\u00ebsi t\u00eb reja, n\u00eb ve\u00e7anti t\u00eb rinjve, p\u00ebr t\u00eb nd\u00ebrtuar t\u00eb ardhmen e tyre t\u00eb sigurt n\u00eb Atdhe!<\/p>\n","protected":false},"excerpt":{"rendered":"<p>Presidenti Ilir Meta ka p\u00ebrkujtuar 25-vjetorin e tragjedis\u00eb s\u00eb Otrantos me an\u00eb t\u00eb nj\u00eb video n\u00eb rrjetet sociale. Meta shkruan se n\u00eb k\u00ebt\u00eb p\u00ebrvjetor p\u00ebrkujtohen me dhimbje jet\u00ebt e humbura n\u00eb p\u00ebrpjekjet d\u00ebshp\u00ebruese p\u00ebr t\u00eb gjetur nj\u00eb t\u00eb ardhme m\u00eb t\u00eb mir\u00eb larg Shqip\u00ebris\u00eb. Ai thot\u00eb se duhen b\u00ebr\u00eb t\u00eb gjitha p\u00ebrpjekjet q\u00eb duhen me [&hellip;]<\/p>\n","protected":false},"author":2030,"featured_media":179131,"comment_status":"closed","ping_status":"closed","sticky":false,"template":"","format":"standard","meta":{"footnotes":""},"categories":[241,3366,5380,231,1454],"tags":[],"class_list":{"0":"post-247314","1":"post","2":"type-post","3":"status-publish","4":"format-standard","5":"has-post-thumbnail","7":"category-aktualitet","8":"category-koment","9":"category-kryesore","10":"category-lajme","11":"category-politike"},"_links":{"self":[{"href":"https:\/\/zjarr.tv\/sq\/wp-json\/wp\/v2\/posts\/247314","targetHints":{"allow":["GET"]}}],"collection":[{"href":"https:\/\/zjarr.tv\/sq\/wp-json\/wp\/v2\/posts"}],"about":[{"href":"https:\/\/zjarr.tv\/sq\/wp-json\/wp\/v2\/types\/post"}],"author":[{"embeddable":true,"href":"https:\/\/zjarr.tv\/sq\/wp-json\/wp\/v2\/users\/2030"}],"replies":[{"embeddable":true,"href":"https:\/\/zjarr.tv\/sq\/wp-json\/wp\/v2\/comments?post=247314"}],"version-history":[{"count":0,"href":"https:\/\/zjarr.tv\/sq\/wp-json\/wp\/v2\/posts\/247314\/revisions"}],"wp:featuredmedia":[{"embeddable":true,"href":"https:\/\/zjarr.tv\/sq\/wp-json\/wp\/v2\/media\/179131"}],"wp:attachment":[{"href":"https:\/\/zjarr.tv\/sq\/wp-json\/wp\/v2\/media?parent=247314"}],"wp:term":[{"taxonomy":"category","embeddable":true,"href":"https:\/\/zjarr.tv\/sq\/wp-json\/wp\/v2\/categories?post=247314"},{"taxonomy":"post_tag","embeddable":true,"href":"https:\/\/zjarr.tv\/sq\/wp-json\/wp\/v2\/tags?post=247314"}],"curies":[{"name":"wp","href":"https:\/\/api.w.org\/{rel}","templated":true}]}}