{"id":247337,"date":"2022-03-28T18:48:55","date_gmt":"2022-03-28T16:48:55","guid":{"rendered":"https:\/\/zjarr.tv\/?p=247337"},"modified":"2022-03-28T18:48:55","modified_gmt":"2022-03-28T16:48:55","slug":"basha-do-ishte-kryeminister-nese-zheji-ben-deklaraten-e-papritur-hajdari-parashikon-zhvillime-te-reja-berisha-i-bashkon-por","status":"publish","type":"post","link":"https:\/\/zjarr.tv\/sq\/basha-do-ishte-kryeminister-nese-zheji-ben-deklaraten-e-papritur-hajdari-parashikon-zhvillime-te-reja-berisha-i-bashkon-por\/","title":{"rendered":"&#8220;Basha do ishte kryeminist\u00ebr, n\u00ebse&#8230;&#8221;, Zheji b\u00ebn deklarat\u00ebn e papritur\/ Hajdari parashikon zhvillime t\u00eb reja: Berisha i bashkon, por&#8230;"},"content":{"rendered":"<p>Analisti Artur Zheji dhe konstitucionalisti, Shk\u00eblqim Hajdari, komentuan situat\u00ebn n\u00eb PD. Zheji tha se rikthimi i Berish\u00ebs n\u00eb krye t\u00eb PD do t\u00eb ndodh\u00eb.<\/p>\n<p>Nga ana tjet\u00ebr, Hajdari tha se Lulzim Basha dhe Enkelejd Alibeaj, p\u00ebrfaq\u00ebsojn\u00eb at\u00eb grup t\u00eb demokrat\u00ebve q\u00eb mendojn\u00eb q\u00eb Berisha i bashkon, por nuk i sjell n\u00eb pushtet.<\/p>\n<p>Zheji: Mua m\u00eb duket se grupi parlamentar ishte aktiv, me p\u00ebrjashtim t\u00eb zotit Alibeaj, vet\u00ebm p\u00ebr t\u00eb dh\u00ebn\u00eb dor\u00ebheqjen zoti Basha. un\u00eb vet\u00ebm Alibeajn d\u00ebgjoj t\u00eb thot\u00eb q\u00eb duhet t\u00eb jap\u00eb dor\u00ebheqjen dhe zoti Berisha, q\u00eb ka k\u00ebt\u00eb ngarkes\u00eb konfliktuale simetrike me zotin Basha. Th\u00ebn\u00eb kjo, grupi parlamenatar, nuk e shoh kompakt, e as t\u00eb dal\u00eb n\u00eb media. Kjo do t\u00eb thot\u00eb se jan\u00eb t\u00eb dyzuar. Jan\u00eb t\u00eb ndar\u00eb n\u00eb grupe, interesa dhe duket sikur sforco e tyre publike verbale, ishte sa t\u00eb largonin zotin Basha. I kuptojn\u00eb p\u00ebrpjekjet qesharake p\u00ebr t\u00eb ndaluar zotin Berisha. G\u00ebrmat juridike ishin t\u00eb forta. Tani Berisha ka m\u00eb tep\u00ebr arm\u00eb n\u00eb dor\u00eb, n\u00eb radh\u00eb t\u00eb par\u00eb s\u2019ka zotin Basha.<\/p>\n<p>Nd\u00ebrkoh\u00eb grupi i rithemelimit \u00ebsht\u00eb komakt. Tani kemi rikthimin e qet\u00eb t\u00eb Berish\u00ebs. Kemi deklarimin et ij q\u00eb kemi nj\u00eb parti, tha q\u00eb dera \u00ebsht\u00eb e hapur. Pra, ai tha dhe gj\u00ebra t\u00eb tjera n\u00eb konferenc\u00eb. Ai tha se nga kryetar\u00ebt e PD, i \u00ebsht\u00eb k\u00ebrkuar q\u00eb t\u00eb shtyhen zgjedhjet. Dhe atje po b\u00ebhen refleksione, pendesa. Kjo \u00ebsht\u00eb situat\u00eb e kontrolluar. N\u00eb baz\u00eb po b\u00ebhet nami, po b\u00ebhen bisedime t\u00eb or\u00ebs s\u00eb fundit. Nuk shoh asnj\u00eb penges\u00eb, t\u00eb rikthimit fuqiplot\u00eb t\u00eb Berish\u00ebs n\u00eb PD.<\/p>\n<p>Hajdari: Berisha do t\u00eb marr\u00eb drejtimin n\u00ebse ndodhin zgjedhje. T\u00eb gjith\u00eb e dim\u00eb q\u00eb po u b\u00ebn\u00eb zgjedhje, Berisha do t\u00eb fitoj\u00eb. Ky \u00ebsht\u00eb fenomen shqiptar. A ka mund\u00ebsi PD, q\u00eb qart\u00ebsisht jan\u00eb ndar\u00eb n\u00eb dy grupe, nj\u00eb pal\u00eb q\u00eb nuk e do zotin Berisha. K\u00ebto dy grupe jan\u00eb. Kemi dy grupe q\u00eb zotin Berisha nuk e shohin si figur\u00eb bashkuese p\u00ebr t\u00eb rr\u00ebzuar qeverin\u00eb. Ne jemi klas\u00eb politike q\u00eb tradhtohemi nga ato duar. Un\u00eb shpresoj te logjika, q\u00eb mund t\u00eb vij nj\u00eb moment q\u00eb forcat pro per\u00ebndimore t\u00eb bindin zotin Berisha. PD po flinte. Ja hamend\u00ebsojm\u00eb q\u00eb u zgjodh Berisha kryetar, po kaq, mbaruan hallet e PD? Bashkimi nuk b\u00ebhet me zotin Berisha. Alibeaj, Basha dhe deputet\u00eb t\u00eb tjer\u00eb q\u00eb nuk jan\u00eb publik\u00eb, nuk jan\u00eb thjesht 2 individ\u00eb. Por jam i bindur si Basha dhe Alibeaj jan\u00eb p\u00ebrfaq\u00ebsues i demokrat\u00ebve, t\u00eb cil\u00ebt me t\u00eb gjith\u00eb respektin q\u00eb kan\u00eb p\u00ebr Berish\u00ebn jan\u00eb t\u00eb mendimit q\u00eb Berisha i bashkon, por s\u2019i sjell n\u00eb pushtet.<\/p>\n<p>Zheji: Un\u00eb mendoj q\u00eb PD nuk po flinte. M\u00eb 25 prill opozita mori 650 mij\u00eb vota, q\u00eb u num\u00ebruan sipas nj\u00eb m\u00ebnyre t\u00eb vendosur 1 vit m\u00eb par\u00eb nga nj\u00eb tryez\u00eb e partive. Rama qeveris n\u00eb nj\u00eb raport t\u00eb diferencash votash. Qoft\u00eb ligji zgjedhor u b\u00eb i till\u00eb, qoft\u00eb sulmi i madh q\u00eb b\u00eb ndaj LSI. Nuk duhet t\u2019i harrojm\u00eb faktet. 80% votuan pro Bash\u00ebs. Numrat ishin t\u00eb fort\u00eb. PD kishte m\u00eb shum\u00eb vota se n\u00eb 2013. Situata ka qen\u00eb shum\u00eb n\u00eb buz\u00eb t\u00eb fitores. Pavar\u00ebsisht se mediat e orkestruara ia dhan\u00eb t\u00eb gjitha p\u00ebrgjegj\u00ebsit\u00eb Bash\u00ebs, nuk e ka par\u00eb veten m\u00eb keq Basha se m\u00eb 25 prill. K\u00ebshtu rrodh\u00ebn gj\u00ebrat. Partia u zgjua artificialisht nga zoti Berisha p\u00ebr t\u00eb spostuar zotin Basha. Rrodhi k\u00ebshtu historia e PD. Mendoj q\u00eb po negociohet, por dor\u00ebzimi me kushte dhe integrimi n\u00eb PD. Dim\u00eb q\u00eb zoti Basha ka marr\u00eb zyra t\u00eb reja, nuk dihet vijim\u00ebsia e PD e Bash\u00ebs. Alibeaj habiti me rezistenc\u00ebn e tij, ball\u00eb p\u00ebr ball\u00eb. Dim\u00eb q\u00eb Berisha mbajti dy foltore t\u00eb tjera t\u00eb shtun\u00ebn dhe b\u00ebri t\u00eb qart\u00eb platform\u00ebn.<\/p>\n","protected":false},"excerpt":{"rendered":"<p>Analisti Artur Zheji dhe konstitucionalisti, Shk\u00eblqim Hajdari, komentuan situat\u00ebn n\u00eb PD. Zheji tha se rikthimi i Berish\u00ebs n\u00eb krye t\u00eb PD do t\u00eb ndodh\u00eb. Nga ana tjet\u00ebr, Hajdari tha se Lulzim Basha dhe Enkelejd Alibeaj, p\u00ebrfaq\u00ebsojn\u00eb at\u00eb grup t\u00eb demokrat\u00ebve q\u00eb mendojn\u00eb q\u00eb Berisha i bashkon, por nuk i sjell n\u00eb pushtet. Zheji: Mua m\u00eb [&hellip;]<\/p>\n","protected":false},"author":2030,"featured_media":247338,"comment_status":"closed","ping_status":"closed","sticky":false,"template":"","format":"standard","meta":{"footnotes":""},"categories":[241,3366,5380,231],"tags":[],"class_list":{"0":"post-247337","1":"post","2":"type-post","3":"status-publish","4":"format-standard","5":"has-post-thumbnail","7":"category-aktualitet","8":"category-koment","9":"category-kryesore","10":"category-lajme"},"_links":{"self":[{"href":"https:\/\/zjarr.tv\/sq\/wp-json\/wp\/v2\/posts\/247337","targetHints":{"allow":["GET"]}}],"collection":[{"href":"https:\/\/zjarr.tv\/sq\/wp-json\/wp\/v2\/posts"}],"about":[{"href":"https:\/\/zjarr.tv\/sq\/wp-json\/wp\/v2\/types\/post"}],"author":[{"embeddable":true,"href":"https:\/\/zjarr.tv\/sq\/wp-json\/wp\/v2\/users\/2030"}],"replies":[{"embeddable":true,"href":"https:\/\/zjarr.tv\/sq\/wp-json\/wp\/v2\/comments?post=247337"}],"version-history":[{"count":0,"href":"https:\/\/zjarr.tv\/sq\/wp-json\/wp\/v2\/posts\/247337\/revisions"}],"wp:featuredmedia":[{"embeddable":true,"href":"https:\/\/zjarr.tv\/sq\/wp-json\/wp\/v2\/media\/247338"}],"wp:attachment":[{"href":"https:\/\/zjarr.tv\/sq\/wp-json\/wp\/v2\/media?parent=247337"}],"wp:term":[{"taxonomy":"category","embeddable":true,"href":"https:\/\/zjarr.tv\/sq\/wp-json\/wp\/v2\/categories?post=247337"},{"taxonomy":"post_tag","embeddable":true,"href":"https:\/\/zjarr.tv\/sq\/wp-json\/wp\/v2\/tags?post=247337"}],"curies":[{"name":"wp","href":"https:\/\/api.w.org\/{rel}","templated":true}]}}