{"id":247341,"date":"2022-03-28T18:51:09","date_gmt":"2022-03-28T16:51:09","guid":{"rendered":"https:\/\/zjarr.tv\/?p=247341"},"modified":"2022-03-28T18:51:09","modified_gmt":"2022-03-28T16:51:09","slug":"foltorja-duhet-te-kthehet-ne-gare-tashme-nga-ilir-levonja","status":"publish","type":"post","link":"https:\/\/zjarr.tv\/sq\/foltorja-duhet-te-kthehet-ne-gare-tashme-nga-ilir-levonja\/","title":{"rendered":"Foltorja duhet t\u00eb kthehet n\u00eb gar\u00eb tashm\u00eb &#8211; Nga Ilir Levonja"},"content":{"rendered":"<p>Nga Ilir Levonja<\/p>\n<p>Kjo ideja e bashkimit t\u00eb PD-\u00ebs t\u00eb cil\u00ebn Sali Berisha e hedh n\u00eb Foltoret e radh\u00ebs, m\u00eb duket m\u00eb shum\u00eb nj\u00eb ftes\u00eb p\u00ebr k\u00ebta \u201cmohikan\u00ebt\u201d e fundit n\u00eb selin\u00eb blu. Un\u00eb do thosha shkoqur, bashkimi nuk vjen nga q\u00ebndrimi aty i gjoja kund\u00ebrshtar\u00ebve t\u00eb foltores, nga bashist\u00ebt dhe babalet etj., por nga rruga. Ose nga rrug\u00ebt a sheshet e Shqip\u00ebris\u00eb. Ndaj gjykoj se misioni i Foltores mbaroi. Nuk ka se \u00e7far\u00eb fiton m\u00eb PD-ja me riafrimin e k\u00ebtyre tipave, p\u00ebr m\u00eb tep\u00ebr kur flasim p\u00ebr ca pika t\u00eb forta n\u00eb reformimin e statutit t\u00eb nj\u00eb force politike.\u00a0 Ato mbi zgjedhjet lokale, pra p\u00ebr nj\u00eb rivotim. Dhe tjetra n\u00ebse humb zgjedhjet e p\u00ebrgjith\u00ebshme, hapja e krahut \u00ebsht\u00eb kriter i panegociuesh\u00ebm.<\/p>\n<p>Logjika e do q\u00eb t\u00eb gjith\u00eb k\u00ebta t\u00eb rivotohen, por ata nuk pranojn\u00eb. Nuk e njohin vot\u00ebn si institucion. Madje ngulin k\u00ebmb\u00eb n\u00eb at\u00eb teorin\u00eb e antiamerikanizmit, kur n\u00eb zgjedhjet e 6 marsit ata humb\u00ebn pik\u00ebrisht edhe p\u00ebr k\u00ebt\u00eb. Q\u00eb d.m.th. vullnetet e lira p\u00ebr nj\u00eb forc\u00eb t\u00eb hapur, p\u00ebr nj\u00eb forc\u00eb m\u00eb p\u00ebrfaq\u00ebsuese t\u00eb shoq\u00ebris\u00eb, nuk imponohen dot nga ambasadat. Amerika nuk \u00ebsht\u00eb qeveria e Joe Bidenit, ashtu si\u00e7 edhe nuk ishte ajo e Donald Trumpit. \u00cbsht\u00eb shum\u00eb her\u00eb m\u00eb e madhe.<\/p>\n<p>Se kur d\u00ebgjoj ca idiot\u00ebr si gjoja antikomunist\u00eb etj., q\u00eb iu mbeti n\u00eb goj\u00eb antiamerikanizmi, shoh paralelisht ringjalljen e nj\u00eb pushteti tjet\u00ebr, po aq t\u00eb dhunsh\u00ebm sa ai i xhelat\u00ebve t\u00eb tyre. Me t\u00eb nj\u00ebjt\u00ebn p\u00ebshtirosje q\u00eb mbrojt\u00ebn Bash\u00ebn, po mbrojn\u00eb sot k\u00ebt\u00eb Alibeajn, si gjoja antikomunist, se gjoja vjen nga shtresa e t\u00eb p\u00ebrndjekurve etj. I jepni udh\u00eb statistikave, kaq. L\u00ebrini pordh\u00ebt me teorin\u00eb e meritokracis\u00eb etj. Statistikat jan\u00eb aty, kan\u00eb humbur, n\u00eb 6 pal\u00eb zgjedhje. Nuk kan\u00eb fituar asnj\u00ebher\u00eb. Kaq. Duan t\u00eb rrin\u00eb, le t\u00eb rrin\u00eb, por koha e tyre mbaroi.<\/p>\n<p>Sot faktet po flasin dhunsh\u00ebm, dyer t\u00eb blindura, shifra alarmante t\u00eb humbjes, p\u00ebr\u00e7arjes etj. Madje n\u00ebse doni t\u00eb jeni t\u00eb ndersh\u00ebm s\u00eb pari me demokrat\u00ebt dhe s\u00eb dyti me shqiptar\u00ebt, nxirrni faturat p\u00ebr k\u00ebto dyert e blindura. Esht\u00eb akti m\u00eb i ndyr\u00eb brenda nj\u00eb force politike. Ato para mund t\u00eb ndihmonin sot sado pak n\u00eb moralin e rr\u00ebnuar t\u00eb shqiptar\u00ebve karshi kriz\u00ebs globale n\u00eb rritjen e \u00e7mimeve etj. Ata q\u00eb sot blindojn\u00eb familjen p\u00ebr interesa personale, nes\u00ebr mund t\u00eb blindojn\u00eb Shqip\u00ebrin\u00eb, po p\u00ebr karriken e tyre.<\/p>\n<p>Si mund t\u00eb falen ideator\u00ebt e gazit lot\u00ebsjell\u00ebs karshi an\u00ebtar\u00ebve? Nuk ka bashkim k\u00ebshtu. Esht\u00eb nj\u00eb koh\u00eb tmerr\u00ebsisht e humbur kot. Sali Berish\u00ebs duhet th\u00ebn\u00eb q\u00eb t\u00eb hap\u00eb gar\u00ebn, madje t&#8217;iu krijoj\u00eb kushte kandidat\u00ebve t\u00eb tjer\u00eb. Respekt p\u00ebr sa b\u00ebr\u00eb n\u00eb rithemelimin total t\u00eb nj\u00eb force politike, pasi ashtu e do demokracia me baz\u00eb t\u00eb fort\u00eb statutore dhe vot\u00eb kolegjiale, a vot\u00eb primare, por Foltorja duhet t\u00eb sh\u00ebnderrohet mir\u00ebfilli n\u00eb nj\u00eb gare tjet\u00ebr.<\/p>\n<p>T\u00eb merresh sot me bashist\u00ebt, babalet, me humb\u00ebsit, \u00ebsht\u00eb nj\u00eb vet\u00ebvrasje e \u00ebmb\u00ebl.<\/p>\n","protected":false},"excerpt":{"rendered":"<p>Nga Ilir Levonja Kjo ideja e bashkimit t\u00eb PD-\u00ebs t\u00eb cil\u00ebn Sali Berisha e hedh n\u00eb Foltoret e radh\u00ebs, m\u00eb duket m\u00eb shum\u00eb nj\u00eb ftes\u00eb p\u00ebr k\u00ebta \u201cmohikan\u00ebt\u201d e fundit n\u00eb selin\u00eb blu. Un\u00eb do thosha shkoqur, bashkimi nuk vjen nga q\u00ebndrimi aty i gjoja kund\u00ebrshtar\u00ebve t\u00eb foltores, nga bashist\u00ebt dhe babalet etj., por nga [&hellip;]<\/p>\n","protected":false},"author":2030,"featured_media":247342,"comment_status":"closed","ping_status":"closed","sticky":false,"template":"","format":"standard","meta":{"footnotes":""},"categories":[241,3365,3366,5380,231],"tags":[],"class_list":{"0":"post-247341","1":"post","2":"type-post","3":"status-publish","4":"format-standard","5":"has-post-thumbnail","7":"category-aktualitet","8":"category-analize","9":"category-koment","10":"category-kryesore","11":"category-lajme"},"_links":{"self":[{"href":"https:\/\/zjarr.tv\/sq\/wp-json\/wp\/v2\/posts\/247341","targetHints":{"allow":["GET"]}}],"collection":[{"href":"https:\/\/zjarr.tv\/sq\/wp-json\/wp\/v2\/posts"}],"about":[{"href":"https:\/\/zjarr.tv\/sq\/wp-json\/wp\/v2\/types\/post"}],"author":[{"embeddable":true,"href":"https:\/\/zjarr.tv\/sq\/wp-json\/wp\/v2\/users\/2030"}],"replies":[{"embeddable":true,"href":"https:\/\/zjarr.tv\/sq\/wp-json\/wp\/v2\/comments?post=247341"}],"version-history":[{"count":0,"href":"https:\/\/zjarr.tv\/sq\/wp-json\/wp\/v2\/posts\/247341\/revisions"}],"wp:featuredmedia":[{"embeddable":true,"href":"https:\/\/zjarr.tv\/sq\/wp-json\/wp\/v2\/media\/247342"}],"wp:attachment":[{"href":"https:\/\/zjarr.tv\/sq\/wp-json\/wp\/v2\/media?parent=247341"}],"wp:term":[{"taxonomy":"category","embeddable":true,"href":"https:\/\/zjarr.tv\/sq\/wp-json\/wp\/v2\/categories?post=247341"},{"taxonomy":"post_tag","embeddable":true,"href":"https:\/\/zjarr.tv\/sq\/wp-json\/wp\/v2\/tags?post=247341"}],"curies":[{"name":"wp","href":"https:\/\/api.w.org\/{rel}","templated":true}]}}