{"id":247362,"date":"2022-03-29T07:12:17","date_gmt":"2022-03-29T05:12:17","guid":{"rendered":"https:\/\/zjarr.tv\/?p=247362"},"modified":"2022-03-29T07:12:17","modified_gmt":"2022-03-29T05:12:17","slug":"komisioni-i-rithemelimit-spastron-zyren-e-medias-se-pd-rifreskon-dhe-grupin-e-emrave-ne-whatsapp","status":"publish","type":"post","link":"https:\/\/zjarr.tv\/sq\/komisioni-i-rithemelimit-spastron-zyren-e-medias-se-pd-rifreskon-dhe-grupin-e-emrave-ne-whatsapp\/","title":{"rendered":"Komisioni i Rithemelimit \u201cspastron\u201d zyr\u00ebn e medias s\u00eb PD, \u201crifreskon\u201d dhe grupin e emrave n\u00eb WhatsApp"},"content":{"rendered":"<p>Nj\u00eb dit\u00eb pas \u00e7montimit  t\u00eb dyerve t\u00eb selis\u00eb s\u00eb PD,  Komisioni i Rithemelimit ka nd\u00ebrmarr\u00eb nj\u00eb tjet\u00ebr veprim. <\/p>\n<p>K\u00ebt\u00eb t\u00eb h\u00ebn\u00eb grupi ka vendosur logon e re t\u00eb Partis\u00eb Demokratike n\u00eb godin\u00ebn e selis\u00eb dhe hapi i dyt\u00eb \u00ebsht\u00eb largimi nga grupi i emrave q\u00eb njihen, si bashk\u00ebpun\u00ebtor\u00eb t\u00eb ngusht\u00eb t\u00eb Lulzim Bash\u00ebs, n\u00eb zyr\u00ebn e shtypit t\u00eb Partis\u00eb Demokratike, si Patrik Sadikaj dhe Dasada Metaj.<\/p>\n<p>M\u00ebsohet se nga ky grup jan\u00eb larguar edhe deputet\u00ebt Gazment Bardhi, Ina Zhupa, Endri Hasa dhe t\u00eb tjer\u00eb.<\/p>\n<p>Nd\u00ebrsa n\u00eb mesin e administrator\u00ebve \u00ebsht\u00eb caktuar Floriana Garo, e cila prej muajsh \u00ebsht\u00eb n\u00eb krah t\u00eb Sali Berish\u00ebs dhe \u201cFoltoreve\u201d, si dhe Elona Me\u00e7o.<\/p>\n","protected":false},"excerpt":{"rendered":"<p>Nj\u00eb dit\u00eb pas \u00e7montimit t\u00eb dyerve t\u00eb selis\u00eb s\u00eb PD, Komisioni i Rithemelimit ka nd\u00ebrmarr\u00eb nj\u00eb tjet\u00ebr veprim. K\u00ebt\u00eb t\u00eb h\u00ebn\u00eb grupi ka vendosur logon e re t\u00eb Partis\u00eb Demokratike n\u00eb godin\u00ebn e selis\u00eb dhe hapi i dyt\u00eb \u00ebsht\u00eb largimi nga grupi i emrave q\u00eb njihen, si bashk\u00ebpun\u00ebtor\u00eb t\u00eb ngusht\u00eb t\u00eb Lulzim Bash\u00ebs, n\u00eb zyr\u00ebn [&hellip;]<\/p>\n","protected":false},"author":2031,"featured_media":160172,"comment_status":"closed","ping_status":"closed","sticky":false,"template":"","format":"standard","meta":{"footnotes":""},"categories":[231],"tags":[],"class_list":{"0":"post-247362","1":"post","2":"type-post","3":"status-publish","4":"format-standard","5":"has-post-thumbnail","7":"category-lajme"},"_links":{"self":[{"href":"https:\/\/zjarr.tv\/sq\/wp-json\/wp\/v2\/posts\/247362","targetHints":{"allow":["GET"]}}],"collection":[{"href":"https:\/\/zjarr.tv\/sq\/wp-json\/wp\/v2\/posts"}],"about":[{"href":"https:\/\/zjarr.tv\/sq\/wp-json\/wp\/v2\/types\/post"}],"author":[{"embeddable":true,"href":"https:\/\/zjarr.tv\/sq\/wp-json\/wp\/v2\/users\/2031"}],"replies":[{"embeddable":true,"href":"https:\/\/zjarr.tv\/sq\/wp-json\/wp\/v2\/comments?post=247362"}],"version-history":[{"count":0,"href":"https:\/\/zjarr.tv\/sq\/wp-json\/wp\/v2\/posts\/247362\/revisions"}],"wp:featuredmedia":[{"embeddable":true,"href":"https:\/\/zjarr.tv\/sq\/wp-json\/wp\/v2\/media\/160172"}],"wp:attachment":[{"href":"https:\/\/zjarr.tv\/sq\/wp-json\/wp\/v2\/media?parent=247362"}],"wp:term":[{"taxonomy":"category","embeddable":true,"href":"https:\/\/zjarr.tv\/sq\/wp-json\/wp\/v2\/categories?post=247362"},{"taxonomy":"post_tag","embeddable":true,"href":"https:\/\/zjarr.tv\/sq\/wp-json\/wp\/v2\/tags?post=247362"}],"curies":[{"name":"wp","href":"https:\/\/api.w.org\/{rel}","templated":true}]}}