{"id":247507,"date":"2022-03-29T15:32:59","date_gmt":"2022-03-29T13:32:59","guid":{"rendered":"https:\/\/zjarr.tv\/?p=247507"},"modified":"2022-03-29T15:32:59","modified_gmt":"2022-03-29T13:32:59","slug":"babai-i-tij-paguhej-me-mijera-euro-ne-muaj-zbardhet-dosja-e-plote-e-spak-per-alqi-bllakon-ka-shkaktuar-qindra-milione-leke-dem-ne-buxhetin-e-shtetit","status":"publish","type":"post","link":"https:\/\/zjarr.tv\/sq\/babai-i-tij-paguhej-me-mijera-euro-ne-muaj-zbardhet-dosja-e-plote-e-spak-per-alqi-bllakon-ka-shkaktuar-qindra-milione-leke-dem-ne-buxhetin-e-shtetit\/","title":{"rendered":"\u201cBabai i tij paguhej me mij\u00ebra euro n\u00eb muaj\u201d, zbardhet dosja e plot\u00eb e SPAK p\u00ebr Alqi Bllakon: Ka shkaktuar qindra milion\u00eb lek\u00eb d\u00ebm n\u00eb buxhetin e shtetit"},"content":{"rendered":"<p>\u00cbsht\u00eb zbardhur dosja e plot\u00eb e deputetit socialist Alqi Bllako. M\u00eb her\u00ebt ndaj tij u l\u00ebshua nj\u00eb urdh\u00ebr arresti sa i p\u00ebrket p\u00ebrfshirjes s\u00eb tij n\u00eb \u00e7\u00ebshtjen e incenerator\u00ebve.<\/p>\n<p>Sipas dosjes s\u00eb p\u00ebrgatitur nga SPAK, Alqi Bllako ka b\u00ebr\u00eb dy her\u00eb ndryshime t\u00eb kontrat\u00ebs koncesionare. Gjithashtu n\u00eb dosje thuhet se babai i Alqi Bllakos merrte nj\u00eb pag\u00eb n\u00eb shum\u00ebn 6 mij\u00eb euro p\u00ebr \u00e7do muaj nga incenerator\u00ebt. Shkeljet jan\u00eb b\u00ebr\u00eb n\u00eb koh\u00ebn kur Alqi Bllako mbante detyr\u00ebn e sekretarit t\u00eb p\u00ebrgjithsh\u00ebm n\u00eb ministrin\u00eb e Mjedisit.<\/p>\n<p>D\u00ebmi i shkaktuar n\u00eb buxhetin e shtetit p\u00ebr shkak t\u00eb shkeljeve t\u00eb kryera nga Alqi Bllako shkon n\u00eb shifr\u00ebn e 14.964.900 milion\u00eb lek\u00eb t\u00eb reja.<\/p>\n<p>Shkresa e SPAK drejtuar Kuvendit t\u00eb Republik\u00ebs s\u00eb Shqip\u00ebris\u00eb lidhur me autorizimin p\u00ebr arrestimin e Alqi Bllakos.<\/p>\n<p><img loading=\"lazy\" decoding=\"async\" class=\"alignnone size-medium wp-image-247508\" src=\"https:\/\/zjarr.tv\/wp-content\/uploads\/2022\/03\/shkresa1-275x400-1-206x300.jpg\" alt=\"\" width=\"206\" height=\"300\" srcset=\"https:\/\/zjarr.tv\/wp-content\/uploads\/2022\/03\/shkresa1-275x400-1-206x300.jpg 206w, https:\/\/zjarr.tv\/wp-content\/uploads\/2022\/03\/shkresa1-275x400-1.jpg 275w\" sizes=\"auto, (max-width: 206px) 100vw, 206px\" \/><\/p>\n","protected":false},"excerpt":{"rendered":"<p>\u00cbsht\u00eb zbardhur dosja e plot\u00eb e deputetit socialist Alqi Bllako. M\u00eb her\u00ebt ndaj tij u l\u00ebshua nj\u00eb urdh\u00ebr arresti sa i p\u00ebrket p\u00ebrfshirjes s\u00eb tij n\u00eb \u00e7\u00ebshtjen e incenerator\u00ebve. Sipas dosjes s\u00eb p\u00ebrgatitur nga SPAK, Alqi Bllako ka b\u00ebr\u00eb dy her\u00eb ndryshime t\u00eb kontrat\u00ebs koncesionare. Gjithashtu n\u00eb dosje thuhet se babai i Alqi Bllakos merrte [&hellip;]<\/p>\n","protected":false},"author":2020,"featured_media":247509,"comment_status":"closed","ping_status":"closed","sticky":false,"template":"","format":"standard","meta":{"footnotes":""},"categories":[241,5380,231],"tags":[],"class_list":{"0":"post-247507","1":"post","2":"type-post","3":"status-publish","4":"format-standard","5":"has-post-thumbnail","7":"category-aktualitet","8":"category-kryesore","9":"category-lajme"},"_links":{"self":[{"href":"https:\/\/zjarr.tv\/sq\/wp-json\/wp\/v2\/posts\/247507","targetHints":{"allow":["GET"]}}],"collection":[{"href":"https:\/\/zjarr.tv\/sq\/wp-json\/wp\/v2\/posts"}],"about":[{"href":"https:\/\/zjarr.tv\/sq\/wp-json\/wp\/v2\/types\/post"}],"author":[{"embeddable":true,"href":"https:\/\/zjarr.tv\/sq\/wp-json\/wp\/v2\/users\/2020"}],"replies":[{"embeddable":true,"href":"https:\/\/zjarr.tv\/sq\/wp-json\/wp\/v2\/comments?post=247507"}],"version-history":[{"count":0,"href":"https:\/\/zjarr.tv\/sq\/wp-json\/wp\/v2\/posts\/247507\/revisions"}],"wp:featuredmedia":[{"embeddable":true,"href":"https:\/\/zjarr.tv\/sq\/wp-json\/wp\/v2\/media\/247509"}],"wp:attachment":[{"href":"https:\/\/zjarr.tv\/sq\/wp-json\/wp\/v2\/media?parent=247507"}],"wp:term":[{"taxonomy":"category","embeddable":true,"href":"https:\/\/zjarr.tv\/sq\/wp-json\/wp\/v2\/categories?post=247507"},{"taxonomy":"post_tag","embeddable":true,"href":"https:\/\/zjarr.tv\/sq\/wp-json\/wp\/v2\/tags?post=247507"}],"curies":[{"name":"wp","href":"https:\/\/api.w.org\/{rel}","templated":true}]}}