{"id":247536,"date":"2022-03-29T17:51:11","date_gmt":"2022-03-29T15:51:11","guid":{"rendered":"https:\/\/zjarr.tv\/?p=247536"},"modified":"2022-03-29T17:51:11","modified_gmt":"2022-03-29T15:51:11","slug":"nje-grua-ne-presidence-gjuknuri-nuk-do-te-ishte-habi","status":"publish","type":"post","link":"https:\/\/zjarr.tv\/sq\/nje-grua-ne-presidence-gjuknuri-nuk-do-te-ishte-habi\/","title":{"rendered":"Nj\u00eb grua n\u00eb Presidenc\u00eb?, Gjuknuri: Nuk do t\u00eb ishte habi"},"content":{"rendered":"<p>Socialist\u00ebt e kan\u00eb t\u00eb qart\u00eb q\u00ebndrimin e tyre p\u00ebr zgjedhjen e presidentit t\u00eb ri, ai duhet t\u00eb jet\u00eb ekstremisht i kund\u00ebrt nga Ilir Meta. Damian Gjiknuri, pjes\u00eb e grupit t\u00eb PS p\u00ebr zgjedhjen e presidentit thot\u00eb se n\u00eb krye t\u00eb shtetit duhet t\u00eb vij\u00eb dikush q\u00eb \u00ebsht\u00eb mbi pal\u00ebt dhe nuk ka si q\u00ebllim ta kthej\u00eb zyr\u00ebn e Presidenc\u00ebs n\u00eb nj\u00eb laborator p\u00ebr interesa personale, nj\u00ebjt\u00eb si\u00e7 ka vepruar Ilir Meta.<\/p>\n<p>Por n\u00eb nj\u00eb intervist\u00eb p\u00ebr media, i pyetur n\u00ebse nj\u00eb grua do t\u00eb zinte vendin e Met\u00ebs, Gjiknuri nuk e p\u00ebrjashtoi si mund\u00ebsi.<\/p>\n<p>\u201c50% e popullsis\u00eb gra jan\u00eb k\u00ebshtu q\u00eb probabiliteti \u00ebsht\u00eb i lart\u00eb q\u00eb nj\u00eb grua ta kemi n\u00eb krye t\u00eb shtetit. Nuk mendoj se n\u00eb Shqip\u00ebri do t\u00eb ishte habi q\u00eb nj\u00eb grua mund t\u00eb ishte Presidente, sepse grat\u00eb jan\u00eb n\u00eb shum\u00eb pozicione drejtuese t\u00eb k\u00ebtij vendi. Por nuk duhet t\u00eb fokusohemi vet\u00ebm tek fakti, duhet t\u00eb jet\u00eb grua apo jo. P\u00ebr mua ka t\u00eb b\u00ebj\u00eb personaliteti i njeriut, qoft\u00eb grua apo burr\u00eb, duhet t\u00eb jet\u00eb mbi objektivat dhe pritshm\u00ebrit\u00eb e shqiptar\u00ebve pas nj\u00eb eksperience jo t\u00eb mir\u00eb me Presidenc\u00ebn e viteve t\u00eb fundit q\u00eb ka qen\u00eb, p\u00ebr mua, ekstremi politik i ushtrimit t\u00eb\u00a0 detyr\u00ebs nga nj\u00eb President\u201d, tha Gjiknuri.<\/p>\n","protected":false},"excerpt":{"rendered":"<p>Socialist\u00ebt e kan\u00eb t\u00eb qart\u00eb q\u00ebndrimin e tyre p\u00ebr zgjedhjen e presidentit t\u00eb ri, ai duhet t\u00eb jet\u00eb ekstremisht i kund\u00ebrt nga Ilir Meta. Damian Gjiknuri, pjes\u00eb e grupit t\u00eb PS p\u00ebr zgjedhjen e presidentit thot\u00eb se n\u00eb krye t\u00eb shtetit duhet t\u00eb vij\u00eb dikush q\u00eb \u00ebsht\u00eb mbi pal\u00ebt dhe nuk ka si q\u00ebllim ta [&hellip;]<\/p>\n","protected":false},"author":2030,"featured_media":247537,"comment_status":"closed","ping_status":"closed","sticky":false,"template":"","format":"standard","meta":{"footnotes":""},"categories":[241,3366,5380,231,1454],"tags":[],"class_list":{"0":"post-247536","1":"post","2":"type-post","3":"status-publish","4":"format-standard","5":"has-post-thumbnail","7":"category-aktualitet","8":"category-koment","9":"category-kryesore","10":"category-lajme","11":"category-politike"},"_links":{"self":[{"href":"https:\/\/zjarr.tv\/sq\/wp-json\/wp\/v2\/posts\/247536","targetHints":{"allow":["GET"]}}],"collection":[{"href":"https:\/\/zjarr.tv\/sq\/wp-json\/wp\/v2\/posts"}],"about":[{"href":"https:\/\/zjarr.tv\/sq\/wp-json\/wp\/v2\/types\/post"}],"author":[{"embeddable":true,"href":"https:\/\/zjarr.tv\/sq\/wp-json\/wp\/v2\/users\/2030"}],"replies":[{"embeddable":true,"href":"https:\/\/zjarr.tv\/sq\/wp-json\/wp\/v2\/comments?post=247536"}],"version-history":[{"count":0,"href":"https:\/\/zjarr.tv\/sq\/wp-json\/wp\/v2\/posts\/247536\/revisions"}],"wp:featuredmedia":[{"embeddable":true,"href":"https:\/\/zjarr.tv\/sq\/wp-json\/wp\/v2\/media\/247537"}],"wp:attachment":[{"href":"https:\/\/zjarr.tv\/sq\/wp-json\/wp\/v2\/media?parent=247536"}],"wp:term":[{"taxonomy":"category","embeddable":true,"href":"https:\/\/zjarr.tv\/sq\/wp-json\/wp\/v2\/categories?post=247536"},{"taxonomy":"post_tag","embeddable":true,"href":"https:\/\/zjarr.tv\/sq\/wp-json\/wp\/v2\/tags?post=247536"}],"curies":[{"name":"wp","href":"https:\/\/api.w.org\/{rel}","templated":true}]}}