{"id":247540,"date":"2022-03-29T17:59:09","date_gmt":"2022-03-29T15:59:09","guid":{"rendered":"https:\/\/zjarr.tv\/?p=247540"},"modified":"2022-03-29T17:59:09","modified_gmt":"2022-03-29T15:59:09","slug":"askush-nuk-eshte-mbi-ligjin-avokati-thirrje-spak-per-alqi-bllakon","status":"publish","type":"post","link":"https:\/\/zjarr.tv\/sq\/askush-nuk-eshte-mbi-ligjin-avokati-thirrje-spak-per-alqi-bllakon\/","title":{"rendered":"\u201cAskush nuk \u00ebsht\u00eb mbi ligjin\u201d\/ Avokati thirrje SPAK p\u00ebr Alqi Bllakon"},"content":{"rendered":"<p>SPAK p\u00ebrmes nj\u00eb shkrese zyrtare i ka k\u00ebrkuar sot Kuvendit arrestimin e Alqi Bllakos.<\/p>\n<p>Nes\u00ebr do mblidhet K\u00ebshilli i Mandateve, nd\u00ebrsa avokati Saimir Vishaj p\u00ebrmes nj\u00eb postimi n\u00eb rrjetin social Facebook i ka b\u00ebr\u00eb thirrje Kuvendit q\u00eb t\u00eb lejoj\u00eb q\u00eb SPAK dhe ti jap autorizimin p\u00ebr veprimet e m\u00ebtejshme p\u00ebr Bllakon.<\/p>\n<p>Vishaj shton m\u00eb tej se askush nuk \u00ebsht\u00eb mbi ligjin, p\u00ebrfshir\u00eb edhe deputet\u00eb, ministra apo kryeministrin.<\/p>\n<p>\u201cAskush nuk \u00ebsht\u00eb mbi ligjin!<\/p>\n<p>Ky parim i s\u00eb drejt\u00ebs vlen p\u00ebr t\u00eb gjith\u00eb, minist\u00ebr, deputet, Kryeminist\u00ebr etj. Duke vler\u00ebsuar SPAK, i cili\u00a0 ( dikur kishte objektiv veprat penale me vler\u00eb 5000 lek\u00eb), sot ka n\u00eb objektiv krimin e jakave t\u00eb bardha!<\/p>\n<p>I b\u00ebjm\u00eb thirrje Kuvendit t\u00eb Shqip\u00ebris\u00eb, t\u00eb procedoj\u00eb me dh\u00ebnien e autorizimit SPAK, p\u00ebr veprime t\u00eb m\u00ebtejshme, duke mos-ha rruar \u201d prezumimin e pafaj\u00ebsis\u00eb\u201d\u201d, shkruan Vishaj.<\/p>\n","protected":false},"excerpt":{"rendered":"<p>SPAK p\u00ebrmes nj\u00eb shkrese zyrtare i ka k\u00ebrkuar sot Kuvendit arrestimin e Alqi Bllakos. Nes\u00ebr do mblidhet K\u00ebshilli i Mandateve, nd\u00ebrsa avokati Saimir Vishaj p\u00ebrmes nj\u00eb postimi n\u00eb rrjetin social Facebook i ka b\u00ebr\u00eb thirrje Kuvendit q\u00eb t\u00eb lejoj\u00eb q\u00eb SPAK dhe ti jap autorizimin p\u00ebr veprimet e m\u00ebtejshme p\u00ebr Bllakon. Vishaj shton m\u00eb tej [&hellip;]<\/p>\n","protected":false},"author":2030,"featured_media":247541,"comment_status":"closed","ping_status":"closed","sticky":false,"template":"","format":"standard","meta":{"footnotes":""},"categories":[241,3366,5380,231],"tags":[],"class_list":{"0":"post-247540","1":"post","2":"type-post","3":"status-publish","4":"format-standard","5":"has-post-thumbnail","7":"category-aktualitet","8":"category-koment","9":"category-kryesore","10":"category-lajme"},"_links":{"self":[{"href":"https:\/\/zjarr.tv\/sq\/wp-json\/wp\/v2\/posts\/247540","targetHints":{"allow":["GET"]}}],"collection":[{"href":"https:\/\/zjarr.tv\/sq\/wp-json\/wp\/v2\/posts"}],"about":[{"href":"https:\/\/zjarr.tv\/sq\/wp-json\/wp\/v2\/types\/post"}],"author":[{"embeddable":true,"href":"https:\/\/zjarr.tv\/sq\/wp-json\/wp\/v2\/users\/2030"}],"replies":[{"embeddable":true,"href":"https:\/\/zjarr.tv\/sq\/wp-json\/wp\/v2\/comments?post=247540"}],"version-history":[{"count":0,"href":"https:\/\/zjarr.tv\/sq\/wp-json\/wp\/v2\/posts\/247540\/revisions"}],"wp:featuredmedia":[{"embeddable":true,"href":"https:\/\/zjarr.tv\/sq\/wp-json\/wp\/v2\/media\/247541"}],"wp:attachment":[{"href":"https:\/\/zjarr.tv\/sq\/wp-json\/wp\/v2\/media?parent=247540"}],"wp:term":[{"taxonomy":"category","embeddable":true,"href":"https:\/\/zjarr.tv\/sq\/wp-json\/wp\/v2\/categories?post=247540"},{"taxonomy":"post_tag","embeddable":true,"href":"https:\/\/zjarr.tv\/sq\/wp-json\/wp\/v2\/tags?post=247540"}],"curies":[{"name":"wp","href":"https:\/\/api.w.org\/{rel}","templated":true}]}}