{"id":247548,"date":"2022-03-29T18:10:24","date_gmt":"2022-03-29T16:10:24","guid":{"rendered":"https:\/\/zjarr.tv\/?p=247548"},"modified":"2022-03-29T18:10:24","modified_gmt":"2022-03-29T16:10:24","slug":"fotolajm-roja-i-selise-se-pd-dy-zonja-nga-kisha-e-lacit-erdhen-sot-dhe-ndezen-qiri-per-mbaresine-e-partise","status":"publish","type":"post","link":"https:\/\/zjarr.tv\/sq\/fotolajm-roja-i-selise-se-pd-dy-zonja-nga-kisha-e-lacit-erdhen-sot-dhe-ndezen-qiri-per-mbaresine-e-partise\/","title":{"rendered":"FOTOLAJM\/ Roja i selis\u00eb s\u00eb PD: Dy zonja nga Kisha e La\u00e7it erdh\u00ebn sot dhe ndez\u00ebn qiri, p\u00ebr mbar\u00ebsin\u00eb e Partis\u00eb"},"content":{"rendered":"<p>P\u00ebllumb Matraku, nj\u00eb nga personat e par\u00eb q\u00eb dha dor\u00ebheqjen nga puna n\u00eb PD kur partia u nda mes Berish\u00ebs dhe Bash\u00ebs, \u00ebsht\u00eb rikthyer p\u00ebrs\u00ebri pas tryez\u00ebs s\u00eb recepsionit, sapo kontrollin e mori Grupi i Rithemelimit. Tre dit\u00eb m\u00eb par\u00eb, Flamur Noka e riktheu n\u00eb detyr\u00eb rojen historik t\u00eb PD.<\/p>\n<p>Sot, P\u00ebllumb Matraku ka ndar\u00eb nj\u00eb foto n\u00eb rrjetet sociale dhe tregon se dy zonja kan\u00eb shkuar n\u00eb selin\u00eb blu direkt nga Kisha e La\u00e7it dhe kan\u00eb ndezur atje nj\u00eb qiri, p\u00ebr mbar\u00ebsi. \u201cSot erdh\u00ebn dy zonja demokrate direkt nga Kisha e Shna Ndojt dhe ndez\u00ebn nj\u00eb qiri p\u00ebr mbar\u00ebsi\u201d, shkruan P\u00ebllumb Matraku dhe ndan foton e m\u00ebposhtme.<\/p>\n<p><img loading=\"lazy\" decoding=\"async\" class=\"alignnone size-medium wp-image-247550\" src=\"https:\/\/zjarr.tv\/wp-content\/uploads\/2022\/03\/Untitled-design-2022-03-29T181014.604-300x251.jpg\" alt=\"\" width=\"300\" height=\"251\" srcset=\"https:\/\/zjarr.tv\/wp-content\/uploads\/2022\/03\/Untitled-design-2022-03-29T181014.604-300x251.jpg 300w, https:\/\/zjarr.tv\/wp-content\/uploads\/2022\/03\/Untitled-design-2022-03-29T181014.604-768x644.jpg 768w, https:\/\/zjarr.tv\/wp-content\/uploads\/2022\/03\/Untitled-design-2022-03-29T181014.604-696x583.jpg 696w, https:\/\/zjarr.tv\/wp-content\/uploads\/2022\/03\/Untitled-design-2022-03-29T181014.604-501x420.jpg 501w, https:\/\/zjarr.tv\/wp-content\/uploads\/2022\/03\/Untitled-design-2022-03-29T181014.604.jpg 940w\" sizes=\"auto, (max-width: 300px) 100vw, 300px\" \/><\/p>\n","protected":false},"excerpt":{"rendered":"<p>P\u00ebllumb Matraku, nj\u00eb nga personat e par\u00eb q\u00eb dha dor\u00ebheqjen nga puna n\u00eb PD kur partia u nda mes Berish\u00ebs dhe Bash\u00ebs, \u00ebsht\u00eb rikthyer p\u00ebrs\u00ebri pas tryez\u00ebs s\u00eb recepsionit, sapo kontrollin e mori Grupi i Rithemelimit. Tre dit\u00eb m\u00eb par\u00eb, Flamur Noka e riktheu n\u00eb detyr\u00eb rojen historik t\u00eb PD. Sot, P\u00ebllumb Matraku ka ndar\u00eb [&hellip;]<\/p>\n","protected":false},"author":2030,"featured_media":247549,"comment_status":"closed","ping_status":"closed","sticky":false,"template":"","format":"standard","meta":{"footnotes":""},"categories":[241,3366,5380,231],"tags":[],"class_list":{"0":"post-247548","1":"post","2":"type-post","3":"status-publish","4":"format-standard","5":"has-post-thumbnail","7":"category-aktualitet","8":"category-koment","9":"category-kryesore","10":"category-lajme"},"_links":{"self":[{"href":"https:\/\/zjarr.tv\/sq\/wp-json\/wp\/v2\/posts\/247548","targetHints":{"allow":["GET"]}}],"collection":[{"href":"https:\/\/zjarr.tv\/sq\/wp-json\/wp\/v2\/posts"}],"about":[{"href":"https:\/\/zjarr.tv\/sq\/wp-json\/wp\/v2\/types\/post"}],"author":[{"embeddable":true,"href":"https:\/\/zjarr.tv\/sq\/wp-json\/wp\/v2\/users\/2030"}],"replies":[{"embeddable":true,"href":"https:\/\/zjarr.tv\/sq\/wp-json\/wp\/v2\/comments?post=247548"}],"version-history":[{"count":0,"href":"https:\/\/zjarr.tv\/sq\/wp-json\/wp\/v2\/posts\/247548\/revisions"}],"wp:featuredmedia":[{"embeddable":true,"href":"https:\/\/zjarr.tv\/sq\/wp-json\/wp\/v2\/media\/247549"}],"wp:attachment":[{"href":"https:\/\/zjarr.tv\/sq\/wp-json\/wp\/v2\/media?parent=247548"}],"wp:term":[{"taxonomy":"category","embeddable":true,"href":"https:\/\/zjarr.tv\/sq\/wp-json\/wp\/v2\/categories?post=247548"},{"taxonomy":"post_tag","embeddable":true,"href":"https:\/\/zjarr.tv\/sq\/wp-json\/wp\/v2\/tags?post=247548"}],"curies":[{"name":"wp","href":"https:\/\/api.w.org\/{rel}","templated":true}]}}