{"id":247564,"date":"2022-03-29T19:05:44","date_gmt":"2022-03-29T17:05:44","guid":{"rendered":"https:\/\/zjarr.tv\/?p=247564"},"modified":"2022-03-29T19:05:44","modified_gmt":"2022-03-29T17:05:44","slug":"neser-proteste-para-spak-qytetarja-prej-vitesh-i-kane-dosjet-aty-nuk-po-bejne-asgje-politikaneve-nuk-u-hyn-gjemb-ne-kembe","status":"publish","type":"post","link":"https:\/\/zjarr.tv\/sq\/neser-proteste-para-spak-qytetarja-prej-vitesh-i-kane-dosjet-aty-nuk-po-bejne-asgje-politikaneve-nuk-u-hyn-gjemb-ne-kembe\/","title":{"rendered":"\u201cNes\u00ebr protest\u00eb para SPAK\u201d, qytetarja: Prej vitesh i kan\u00eb dosjet aty, nuk po b\u00ebjn\u00eb asgj\u00eb, politikan\u00ebve nuk u hyn gjemb n\u00eb k\u00ebmb\u00eb"},"content":{"rendered":"<p>Dit\u00ebn e sotme n\u00eb or\u00ebn 17:00 ka nisur protesta e planifikuar kund\u00ebr rritjes s\u00eb \u00e7mimeve. Nj\u00ebra prej protesteuseve t\u00eb pranishme e cila ka mbajtur fjal\u00ebn e saj para protestuesve t\u00eb tjer\u00eb, ka lajm\u00ebruar se dit\u00ebn e nes\u00ebrme do t\u00eb mbahet protest\u00eb para godin\u00ebs s\u00eb SPAK-ut.<\/p>\n<p>Sipas protestueses, prej vitesh q\u00ebndronin dosje p\u00ebr ministra dhe ish ministra nd\u00ebrsa ende nuk \u00ebsht\u00eb marr\u00eb asnj\u00eb mas\u00eb ndaj tyre.<\/p>\n<p>Qytetarja: Spiropali akuzon Berish\u00ebn se i ka duart me gjak nd\u00ebrsa Berisha i thot\u00eb ju jeni hajdut\u00eb. Pra akuza ndaj nj\u00ebri-tjetrit. Asnj\u00ebrit prej k\u00ebtyre nuk i hyn gjemb n\u00eb k\u00ebmb\u00eb. Ne dalim dhe protestojm\u00eb k\u00ebtu dhe asgj\u00eb nuk zgjedhim. Piquni, fillojeni nga vetja.<\/p>\n<p>Nes\u00ebr b\u00ebhet nj\u00eb protest\u00eb para SPAK-ut sepse i ka dosjet e kopsitura me vite dhe nuk po merret me asgj\u00eb. Shqip\u00ebria po vuan p\u00ebr logjik\u00ebn elementare. Do e shikoni se shum\u00eb shpejt nafta do shkoj\u00eb 3 mij\u00eb e ca lek\u00eb dhe askush nuk mund t\u00eb b\u00ebj\u00eb asgj\u00eb. Kjo \u00ebsht\u00eb nj\u00eb qeveri e falimetnuar. Nuk kan\u00eb as kultur\u00ebn e dor\u00ebheqjes, jan\u00eb t\u00eb lidhur pas karriges.<\/p>\n","protected":false},"excerpt":{"rendered":"<p>Dit\u00ebn e sotme n\u00eb or\u00ebn 17:00 ka nisur protesta e planifikuar kund\u00ebr rritjes s\u00eb \u00e7mimeve. Nj\u00ebra prej protesteuseve t\u00eb pranishme e cila ka mbajtur fjal\u00ebn e saj para protestuesve t\u00eb tjer\u00eb, ka lajm\u00ebruar se dit\u00ebn e nes\u00ebrme do t\u00eb mbahet protest\u00eb para godin\u00ebs s\u00eb SPAK-ut. Sipas protestueses, prej vitesh q\u00ebndronin dosje p\u00ebr ministra dhe ish [&hellip;]<\/p>\n","protected":false},"author":2030,"featured_media":247565,"comment_status":"closed","ping_status":"closed","sticky":false,"template":"","format":"standard","meta":{"footnotes":""},"categories":[241,3366,5380,231],"tags":[],"class_list":{"0":"post-247564","1":"post","2":"type-post","3":"status-publish","4":"format-standard","5":"has-post-thumbnail","7":"category-aktualitet","8":"category-koment","9":"category-kryesore","10":"category-lajme"},"_links":{"self":[{"href":"https:\/\/zjarr.tv\/sq\/wp-json\/wp\/v2\/posts\/247564","targetHints":{"allow":["GET"]}}],"collection":[{"href":"https:\/\/zjarr.tv\/sq\/wp-json\/wp\/v2\/posts"}],"about":[{"href":"https:\/\/zjarr.tv\/sq\/wp-json\/wp\/v2\/types\/post"}],"author":[{"embeddable":true,"href":"https:\/\/zjarr.tv\/sq\/wp-json\/wp\/v2\/users\/2030"}],"replies":[{"embeddable":true,"href":"https:\/\/zjarr.tv\/sq\/wp-json\/wp\/v2\/comments?post=247564"}],"version-history":[{"count":0,"href":"https:\/\/zjarr.tv\/sq\/wp-json\/wp\/v2\/posts\/247564\/revisions"}],"wp:featuredmedia":[{"embeddable":true,"href":"https:\/\/zjarr.tv\/sq\/wp-json\/wp\/v2\/media\/247565"}],"wp:attachment":[{"href":"https:\/\/zjarr.tv\/sq\/wp-json\/wp\/v2\/media?parent=247564"}],"wp:term":[{"taxonomy":"category","embeddable":true,"href":"https:\/\/zjarr.tv\/sq\/wp-json\/wp\/v2\/categories?post=247564"},{"taxonomy":"post_tag","embeddable":true,"href":"https:\/\/zjarr.tv\/sq\/wp-json\/wp\/v2\/tags?post=247564"}],"curies":[{"name":"wp","href":"https:\/\/api.w.org\/{rel}","templated":true}]}}